{"id":14262,"date":"2017-08-18T09:14:46","date_gmt":"2017-08-18T12:14:46","guid":{"rendered":"http:\/\/www.portalmantena.com.br\/novo\/?p=14262"},"modified":"2017-08-18T09:14:46","modified_gmt":"2017-08-18T12:14:46","slug":"pm-faz-leilao-de-106-veiculos-em-ipatinga-lances-a-partir-de-r-50-reais","status":"publish","type":"post","link":"http:\/\/www.portalmantena.com.br\/novo\/?p=14262","title":{"rendered":"PM faz leil\u00e3o de 106 ve\u00edculos em Ipatinga, lances a partir de R$ 50 reais"},"content":{"rendered":"<p><a href=\"http:\/\/www.portalmantena.com.br\/novo\/wp-content\/uploads\/2017\/08\/no180817carro.jpg\"><img loading=\"lazy\" class=\"alignnone size-full wp-image-14263\" src=\"http:\/\/www.portalmantena.com.br\/novo\/wp-content\/uploads\/2017\/08\/no180817carro.jpg\" alt=\"\" width=\"700\" height=\"450\" srcset=\"http:\/\/www.portalmantena.com.br\/novo\/wp-content\/uploads\/2017\/08\/no180817carro.jpg 700w, http:\/\/www.portalmantena.com.br\/novo\/wp-content\/uploads\/2017\/08\/no180817carro-300x193.jpg 300w, http:\/\/www.portalmantena.com.br\/novo\/wp-content\/uploads\/2017\/08\/no180817carro-696x447.jpg 696w, http:\/\/www.portalmantena.com.br\/novo\/wp-content\/uploads\/2017\/08\/no180817carro-653x420.jpg 653w\" sizes=\"(max-width: 700px) 100vw, 700px\" \/><\/a><\/p>\n<p><span style=\"font-size: 14pt;\">A partir desta sexta-feira (18), at\u00e9 a pr\u00f3xima ter\u00e7a (22), fica aberta a visita\u00e7\u00e3o aos 106 lotes de ve\u00edculos colocados em leil\u00e3o pela Pol\u00edcia Militar de Ipatinga (MG). S\u00e3o ve\u00edculos que n\u00e3o s\u00e3o mais utilizados nos servi\u00e7os da corpora\u00e7\u00e3o; eles ter\u00e3o lance m\u00ednimo de R$ 50 e outros de at\u00e9 R$ 3.300. \u201cS\u00e3o 106 ve\u00edculos, entre motocicletas, utilit\u00e1rios e ve\u00edculos leves. A grande maioria est\u00e1 em estado de sucata, muitos desses ve\u00edculos ainda d\u00e1 para fazer uma recupera\u00e7\u00e3o; outros apenas para a retirada de pe\u00e7as\u201d, destaca o major da PM, Lindomar Chaves. <\/span><\/p>\n<p><span style=\"font-size: 14pt;\">Podem participar do leil\u00e3o pessoas f\u00edsicas e jur\u00eddicas, que devem realizar inscri\u00e7\u00e3o pr\u00e9via no\u00a0<a style=\"font-style: inherit;\" href=\"http:\/\/www.planejamento.mg.gov.br\/leiloes\"><strong>site\u00a0<\/strong><\/a>da secretaria de Planejamento estadual. Os interessados ainda devem comparecer no local do leil\u00e3o no dia 22, para efetuar um credenciamento. <\/span><\/p>\n<p><span style=\"font-size: 14pt;\">Ser\u00e1 disponibilizado ao participante do leil\u00e3o um c\u00f3digo de identifica\u00e7\u00e3o, pessoal e intransfer\u00edvel. A entrada no local da sess\u00e3o de lances estar\u00e1 condicionada \u00e0 apresenta\u00e7\u00e3o deste n\u00famero, com o documento de identifica\u00e7\u00e3o oficial. <\/span><\/p>\n<p><span style=\"font-size: 14pt;\">As visita\u00e7\u00f5es acontecem no 14\u00ba Batalh\u00e3o da PM, na Rua Gaivotas, 662, no Bairro Vila Celeste, de 8h \u00e0s 12h e de 14h \u00e0s 18h. O leil\u00e3o ser\u00e1 realizado na pr\u00f3xima quarta-feira (23), de 9h \u00e0s 12h. (fonte:g1\/foto:divulga\u00e7\u00e3o)<\/span><\/p>\n","protected":false},"excerpt":{"rendered":"<p>A partir desta sexta-feira (18), at\u00e9 a pr\u00f3xima ter\u00e7a (22), fica aberta a visita\u00e7\u00e3o aos 106 lotes de ve\u00edculos colocados em leil\u00e3o pela Pol\u00edcia Militar de Ipatinga (MG). S\u00e3o ve\u00edculos que n\u00e3o s\u00e3o mais utilizados nos servi\u00e7os da corpora\u00e7\u00e3o; eles ter\u00e3o lance m\u00ednimo de R$ 50 e outros de at\u00e9 R$ 3.300. \u201cS\u00e3o 106 ve\u00edculos, [&hellip;]<\/p>\n","protected":false},"author":1,"featured_media":14263,"comment_status":"open","ping_status":"open","sticky":false,"template":"","format":"standard","meta":[],"categories":[11,39],"tags":[],"_links":{"self":[{"href":"http:\/\/www.portalmantena.com.br\/novo\/index.php?rest_route=\/wp\/v2\/posts\/14262"}],"collection":[{"href":"http:\/\/www.portalmantena.com.br\/novo\/index.php?rest_route=\/wp\/v2\/posts"}],"about":[{"href":"http:\/\/www.portalmantena.com.br\/novo\/index.php?rest_route=\/wp\/v2\/types\/post"}],"author":[{"embeddable":true,"href":"http:\/\/www.portalmantena.com.br\/novo\/index.php?rest_route=\/wp\/v2\/users\/1"}],"replies":[{"embeddable":true,"href":"http:\/\/www.portalmantena.com.br\/novo\/index.php?rest_route=%2Fwp%2Fv2%2Fcomments&post=14262"}],"version-history":[{"count":1,"href":"http:\/\/www.portalmantena.com.br\/novo\/index.php?rest_route=\/wp\/v2\/posts\/14262\/revisions"}],"predecessor-version":[{"id":14264,"href":"http:\/\/www.portalmantena.com.br\/novo\/index.php?rest_route=\/wp\/v2\/posts\/14262\/revisions\/14264"}],"wp:featuredmedia":[{"embeddable":true,"href":"http:\/\/www.portalmantena.com.br\/novo\/index.php?rest_route=\/wp\/v2\/media\/14263"}],"wp:attachment":[{"href":"http:\/\/www.portalmantena.com.br\/novo\/index.php?rest_route=%2Fwp%2Fv2%2Fmedia&parent=14262"}],"wp:term":[{"taxonomy":"category","embeddable":true,"href":"http:\/\/www.portalmantena.com.br\/novo\/index.php?rest_route=%2Fwp%2Fv2%2Fcategories&post=14262"},{"taxonomy":"post_tag","embeddable":true,"href":"http:\/\/www.portalmantena.com.br\/novo\/index.php?rest_route=%2Fwp%2Fv2%2Ftags&post=14262"}],"curies":[{"name":"wp","href":"https:\/\/api.w.org\/{rel}","templated":true}]}}