{"id":13647,"date":"2017-08-13T20:32:37","date_gmt":"2017-08-13T23:32:37","guid":{"rendered":"http:\/\/www.portalmantena.com.br\/novo\/?p=13647"},"modified":"2017-08-13T20:32:37","modified_gmt":"2017-08-13T23:32:37","slug":"projeto-para-capacitar-alunos-em-mantena-tem-visita-tecnica-a-camisaria-rabbit","status":"publish","type":"post","link":"http:\/\/www.portalmantena.com.br\/novo\/?p=13647","title":{"rendered":"Projeto para capacitar alunos em Mantena tem visita t\u00e9cnica \u00e0 camisaria Rabbit"},"content":{"rendered":"<p><a href=\"http:\/\/www.portalmantena.com.br\/novo\/wp-content\/uploads\/2017\/08\/no130817rabbit1.jpg\"><img loading=\"lazy\" class=\"alignnone size-full wp-image-13648\" src=\"http:\/\/www.portalmantena.com.br\/novo\/wp-content\/uploads\/2017\/08\/no130817rabbit1.jpg\" alt=\"\" width=\"700\" height=\"450\" srcset=\"http:\/\/www.portalmantena.com.br\/novo\/wp-content\/uploads\/2017\/08\/no130817rabbit1.jpg 700w, http:\/\/www.portalmantena.com.br\/novo\/wp-content\/uploads\/2017\/08\/no130817rabbit1-300x193.jpg 300w, http:\/\/www.portalmantena.com.br\/novo\/wp-content\/uploads\/2017\/08\/no130817rabbit1-696x447.jpg 696w, http:\/\/www.portalmantena.com.br\/novo\/wp-content\/uploads\/2017\/08\/no130817rabbit1-653x420.jpg 653w\" sizes=\"(max-width: 700px) 100vw, 700px\" \/><\/a><\/p>\n<h4><span style=\"font-family: verdana, geneva, sans-serif;\">Na manh\u00e3 da \u00faltima ter\u00e7a feira, dia 09 de agosto, a Secretaria Municipal de Assist\u00eancia Social, com apoio da Prefeitura Municipal de Mantena, por meio de profissionais do Centro de Refer\u00eancia de Assist\u00eancia Social \u2013 CRAS, levou os alunos matriculados no Projeto de Capacita\u00e7\u00e3o Tecendo o Futuro \u2013 PROCATEF, e alunos inseridos no Programa ACESSUAS Trabalho para conhecerem a f\u00e1brica da camisaria Rabbit, com o objetivo de mostrar os trabalhos realizado por esta ind\u00fastria conceituada a n\u00edvel de Brasil. <\/span><\/h4>\n<h4><span style=\"font-family: verdana, geneva, sans-serif;\">A visita foi poss\u00edvel gra\u00e7as ao empres\u00e1rio Jos\u00e9 Luiz Coelho, que se prontificou a permitir que este trabalho fosse realizado, juntamente com seus funcion\u00e1rios: Alziel Pereira; (Gerente), Maria de F\u00e1tima (RH) e Marilene Campos (Modelista). O PROCATEF, \u00e9 um projeto que visa \u00e0 capacita\u00e7\u00e3o do aluno no ramo t\u00eaxtil, e tem como principal objetivo a forma\u00e7\u00e3o de profissionais polivalentes. <\/span><\/h4>\n<h4><span style=\"font-family: verdana, geneva, sans-serif;\">Este projeto foi idealizado pela Secret\u00e1ria Municipal de Assist\u00eancia Ernanda Danusia e desenvolvidos por um t\u00e9cnico da Prote\u00e7\u00e3o Social B\u00e1sica e um t\u00e9cnico da Prote\u00e7\u00e3o Social Especial. <\/span><\/h4>\n<h4><span style=\"font-family: verdana, geneva, sans-serif;\">No Programa ACESSUAS Trabalho, que acontece no CRAS, s\u00e3o abordados com os alunos temas transversais inerentes ao comportamento no \u00e2mbito profissional e dentre outros. <\/span><\/h4>\n<h4><span style=\"font-family: verdana, geneva, sans-serif;\">Para que possam ser ofertados estes servi\u00e7os com efic\u00e1cia, Ernanda Danusia conta com apoio do Prefeito Municipal de Mantena, que sempre est\u00e1 de acordo com tudo que possa beneficiar a popula\u00e7\u00e3o mantenense.<\/span><\/h4>\n<p><a href=\"http:\/\/www.portalmantena.com.br\/novo\/wp-content\/uploads\/2017\/08\/no130817rabbit2.jpg\"><img loading=\"lazy\" class=\"alignnone size-full wp-image-13649\" src=\"http:\/\/www.portalmantena.com.br\/novo\/wp-content\/uploads\/2017\/08\/no130817rabbit2.jpg\" alt=\"\" width=\"700\" height=\"450\" srcset=\"http:\/\/www.portalmantena.com.br\/novo\/wp-content\/uploads\/2017\/08\/no130817rabbit2.jpg 700w, http:\/\/www.portalmantena.com.br\/novo\/wp-content\/uploads\/2017\/08\/no130817rabbit2-300x193.jpg 300w, http:\/\/www.portalmantena.com.br\/novo\/wp-content\/uploads\/2017\/08\/no130817rabbit2-696x447.jpg 696w, http:\/\/www.portalmantena.com.br\/novo\/wp-content\/uploads\/2017\/08\/no130817rabbit2-653x420.jpg 653w\" sizes=\"(max-width: 700px) 100vw, 700px\" \/><\/a> <a href=\"http:\/\/www.portalmantena.com.br\/novo\/wp-content\/uploads\/2017\/08\/no130817rabbit3.jpg\"><img loading=\"lazy\" class=\"alignnone size-full wp-image-13650\" src=\"http:\/\/www.portalmantena.com.br\/novo\/wp-content\/uploads\/2017\/08\/no130817rabbit3.jpg\" alt=\"\" width=\"700\" height=\"450\" srcset=\"http:\/\/www.portalmantena.com.br\/novo\/wp-content\/uploads\/2017\/08\/no130817rabbit3.jpg 700w, http:\/\/www.portalmantena.com.br\/novo\/wp-content\/uploads\/2017\/08\/no130817rabbit3-300x193.jpg 300w, http:\/\/www.portalmantena.com.br\/novo\/wp-content\/uploads\/2017\/08\/no130817rabbit3-696x447.jpg 696w, http:\/\/www.portalmantena.com.br\/novo\/wp-content\/uploads\/2017\/08\/no130817rabbit3-653x420.jpg 653w\" sizes=\"(max-width: 700px) 100vw, 700px\" \/><\/a> <a href=\"http:\/\/www.portalmantena.com.br\/novo\/wp-content\/uploads\/2017\/08\/no130817rabbit4.jpg\"><img loading=\"lazy\" class=\"alignnone size-full wp-image-13651\" src=\"http:\/\/www.portalmantena.com.br\/novo\/wp-content\/uploads\/2017\/08\/no130817rabbit4.jpg\" alt=\"\" width=\"700\" height=\"450\" srcset=\"http:\/\/www.portalmantena.com.br\/novo\/wp-content\/uploads\/2017\/08\/no130817rabbit4.jpg 700w, http:\/\/www.portalmantena.com.br\/novo\/wp-content\/uploads\/2017\/08\/no130817rabbit4-300x193.jpg 300w, http:\/\/www.portalmantena.com.br\/novo\/wp-content\/uploads\/2017\/08\/no130817rabbit4-696x447.jpg 696w, http:\/\/www.portalmantena.com.br\/novo\/wp-content\/uploads\/2017\/08\/no130817rabbit4-653x420.jpg 653w\" sizes=\"(max-width: 700px) 100vw, 700px\" \/><\/a> <a href=\"http:\/\/www.portalmantena.com.br\/novo\/wp-content\/uploads\/2017\/08\/no130817rabbit5.jpg\"><img loading=\"lazy\" class=\"alignnone size-full wp-image-13652\" src=\"http:\/\/www.portalmantena.com.br\/novo\/wp-content\/uploads\/2017\/08\/no130817rabbit5.jpg\" alt=\"\" width=\"700\" height=\"450\" srcset=\"http:\/\/www.portalmantena.com.br\/novo\/wp-content\/uploads\/2017\/08\/no130817rabbit5.jpg 700w, http:\/\/www.portalmantena.com.br\/novo\/wp-content\/uploads\/2017\/08\/no130817rabbit5-300x193.jpg 300w, http:\/\/www.portalmantena.com.br\/novo\/wp-content\/uploads\/2017\/08\/no130817rabbit5-696x447.jpg 696w, http:\/\/www.portalmantena.com.br\/novo\/wp-content\/uploads\/2017\/08\/no130817rabbit5-653x420.jpg 653w\" sizes=\"(max-width: 700px) 100vw, 700px\" \/><\/a> <a href=\"http:\/\/www.portalmantena.com.br\/novo\/wp-content\/uploads\/2017\/08\/no130817rabbit6.jpg\"><img loading=\"lazy\" class=\"alignnone size-full wp-image-13653\" src=\"http:\/\/www.portalmantena.com.br\/novo\/wp-content\/uploads\/2017\/08\/no130817rabbit6.jpg\" alt=\"\" width=\"700\" height=\"450\" srcset=\"http:\/\/www.portalmantena.com.br\/novo\/wp-content\/uploads\/2017\/08\/no130817rabbit6.jpg 700w, http:\/\/www.portalmantena.com.br\/novo\/wp-content\/uploads\/2017\/08\/no130817rabbit6-300x193.jpg 300w, http:\/\/www.portalmantena.com.br\/novo\/wp-content\/uploads\/2017\/08\/no130817rabbit6-696x447.jpg 696w, http:\/\/www.portalmantena.com.br\/novo\/wp-content\/uploads\/2017\/08\/no130817rabbit6-653x420.jpg 653w\" sizes=\"(max-width: 700px) 100vw, 700px\" \/><\/a><\/p>\n","protected":false},"excerpt":{"rendered":"<p>Na manh\u00e3 da \u00faltima ter\u00e7a feira, dia 09 de agosto, a Secretaria Municipal de Assist\u00eancia Social, com apoio da Prefeitura Municipal de Mantena, por meio de profissionais do Centro de Refer\u00eancia de Assist\u00eancia Social \u2013 CRAS, levou os alunos matriculados no Projeto de Capacita\u00e7\u00e3o Tecendo o Futuro \u2013 PROCATEF, e alunos inseridos no Programa ACESSUAS [&hellip;]<\/p>\n","protected":false},"author":1,"featured_media":13651,"comment_status":"open","ping_status":"open","sticky":false,"template":"","format":"standard","meta":[],"categories":[12],"tags":[],"_links":{"self":[{"href":"http:\/\/www.portalmantena.com.br\/novo\/index.php?rest_route=\/wp\/v2\/posts\/13647"}],"collection":[{"href":"http:\/\/www.portalmantena.com.br\/novo\/index.php?rest_route=\/wp\/v2\/posts"}],"about":[{"href":"http:\/\/www.portalmantena.com.br\/novo\/index.php?rest_route=\/wp\/v2\/types\/post"}],"author":[{"embeddable":true,"href":"http:\/\/www.portalmantena.com.br\/novo\/index.php?rest_route=\/wp\/v2\/users\/1"}],"replies":[{"embeddable":true,"href":"http:\/\/www.portalmantena.com.br\/novo\/index.php?rest_route=%2Fwp%2Fv2%2Fcomments&post=13647"}],"version-history":[{"count":1,"href":"http:\/\/www.portalmantena.com.br\/novo\/index.php?rest_route=\/wp\/v2\/posts\/13647\/revisions"}],"predecessor-version":[{"id":13654,"href":"http:\/\/www.portalmantena.com.br\/novo\/index.php?rest_route=\/wp\/v2\/posts\/13647\/revisions\/13654"}],"wp:featuredmedia":[{"embeddable":true,"href":"http:\/\/www.portalmantena.com.br\/novo\/index.php?rest_route=\/wp\/v2\/media\/13651"}],"wp:attachment":[{"href":"http:\/\/www.portalmantena.com.br\/novo\/index.php?rest_route=%2Fwp%2Fv2%2Fmedia&parent=13647"}],"wp:term":[{"taxonomy":"category","embeddable":true,"href":"http:\/\/www.portalmantena.com.br\/novo\/index.php?rest_route=%2Fwp%2Fv2%2Fcategories&post=13647"},{"taxonomy":"post_tag","embeddable":true,"href":"http:\/\/www.portalmantena.com.br\/novo\/index.php?rest_route=%2Fwp%2Fv2%2Ftags&post=13647"}],"curies":[{"name":"wp","href":"https:\/\/api.w.org\/{rel}","templated":true}]}}