{"id":13633,"date":"2017-08-11T18:26:57","date_gmt":"2017-08-11T21:26:57","guid":{"rendered":"http:\/\/www.portalmantena.com.br\/novo\/?p=13633"},"modified":"2017-08-11T18:29:06","modified_gmt":"2017-08-11T21:29:06","slug":"bicicletas-vencedoras-de-concurso-e-uma-galera-animada","status":"publish","type":"post","link":"http:\/\/www.portalmantena.com.br\/novo\/?p=13633","title":{"rendered":"Bicicletas vencedoras de concurso e uma galera animada"},"content":{"rendered":"<p><span style=\"color: #993300;\"><span style=\"font-size: 36pt;\"><strong>Tempo<\/strong>BOM<\/span>\u00a0<span style=\"font-size: 18pt;\">uma saudade da nossa hist\u00f3ria<a href=\"http:\/\/www.portalmantena.com.br\/novo\/wp-content\/uploads\/2017\/08\/tempo110817a.jpg\"><img loading=\"lazy\" class=\"alignnone size-full wp-image-13634\" src=\"http:\/\/www.portalmantena.com.br\/novo\/wp-content\/uploads\/2017\/08\/tempo110817a.jpg\" alt=\"\" width=\"700\" height=\"450\" srcset=\"http:\/\/www.portalmantena.com.br\/novo\/wp-content\/uploads\/2017\/08\/tempo110817a.jpg 700w, http:\/\/www.portalmantena.com.br\/novo\/wp-content\/uploads\/2017\/08\/tempo110817a-300x193.jpg 300w, http:\/\/www.portalmantena.com.br\/novo\/wp-content\/uploads\/2017\/08\/tempo110817a-696x447.jpg 696w, http:\/\/www.portalmantena.com.br\/novo\/wp-content\/uploads\/2017\/08\/tempo110817a-653x420.jpg 653w\" sizes=\"(max-width: 700px) 100vw, 700px\" \/><\/a><\/span><\/span><\/p>\n<p>Mais uma daquelas fotos que marcam \u00e9poca. Foto \u00e9 de um passeio cicl\u00edstico em Mantena onde concorreram as bicicletas com a camuflagem mais criativa. Esta dupla formada pelos amigos Alex Sandro e Marcio Gleyck, foi a vencedora. Inspirada nos carros da Maclaren de Senna e Prost, as bicicletas ficaram top. Na foto ainda Emerson Luciano, Gr\u00e9cia, Rosana com a sobrinha Melissa no colo, Patr\u00edcia e a irm\u00e3 Silvana , e Didi Assis agachada.<\/p>\n","protected":false},"excerpt":{"rendered":"<p>TempoBOM\u00a0uma saudade da nossa hist\u00f3ria Mais uma daquelas fotos que marcam \u00e9poca. Foto \u00e9 de um passeio cicl\u00edstico em Mantena onde concorreram as bicicletas com a camuflagem mais criativa. Esta dupla formada pelos amigos Alex Sandro e Marcio Gleyck, foi a vencedora. Inspirada nos carros da Maclaren de Senna e Prost, as bicicletas ficaram top. [&hellip;]<\/p>\n","protected":false},"author":1,"featured_media":13634,"comment_status":"open","ping_status":"open","sticky":false,"template":"","format":"standard","meta":[],"categories":[57],"tags":[],"_links":{"self":[{"href":"http:\/\/www.portalmantena.com.br\/novo\/index.php?rest_route=\/wp\/v2\/posts\/13633"}],"collection":[{"href":"http:\/\/www.portalmantena.com.br\/novo\/index.php?rest_route=\/wp\/v2\/posts"}],"about":[{"href":"http:\/\/www.portalmantena.com.br\/novo\/index.php?rest_route=\/wp\/v2\/types\/post"}],"author":[{"embeddable":true,"href":"http:\/\/www.portalmantena.com.br\/novo\/index.php?rest_route=\/wp\/v2\/users\/1"}],"replies":[{"embeddable":true,"href":"http:\/\/www.portalmantena.com.br\/novo\/index.php?rest_route=%2Fwp%2Fv2%2Fcomments&post=13633"}],"version-history":[{"count":3,"href":"http:\/\/www.portalmantena.com.br\/novo\/index.php?rest_route=\/wp\/v2\/posts\/13633\/revisions"}],"predecessor-version":[{"id":13637,"href":"http:\/\/www.portalmantena.com.br\/novo\/index.php?rest_route=\/wp\/v2\/posts\/13633\/revisions\/13637"}],"wp:featuredmedia":[{"embeddable":true,"href":"http:\/\/www.portalmantena.com.br\/novo\/index.php?rest_route=\/wp\/v2\/media\/13634"}],"wp:attachment":[{"href":"http:\/\/www.portalmantena.com.br\/novo\/index.php?rest_route=%2Fwp%2Fv2%2Fmedia&parent=13633"}],"wp:term":[{"taxonomy":"category","embeddable":true,"href":"http:\/\/www.portalmantena.com.br\/novo\/index.php?rest_route=%2Fwp%2Fv2%2Fcategories&post=13633"},{"taxonomy":"post_tag","embeddable":true,"href":"http:\/\/www.portalmantena.com.br\/novo\/index.php?rest_route=%2Fwp%2Fv2%2Ftags&post=13633"}],"curies":[{"name":"wp","href":"https:\/\/api.w.org\/{rel}","templated":true}]}}