{"id":13627,"date":"2017-08-11T18:16:59","date_gmt":"2017-08-11T21:16:59","guid":{"rendered":"http:\/\/www.portalmantena.com.br\/novo\/?p=13627"},"modified":"2017-08-11T18:44:10","modified_gmt":"2017-08-11T21:44:10","slug":"formando-do-curso-de-contabilidade-em-mantena-1983","status":"publish","type":"post","link":"http:\/\/www.portalmantena.com.br\/novo\/?p=13627","title":{"rendered":"Formandos do curso de contabilidade em Mantena, 1983"},"content":{"rendered":"<p><span style=\"color: #993300;\"><span style=\"font-size: 36pt;\"><strong>Tempo<\/strong>BOM<\/span>\u00a0<span style=\"font-size: 18pt;\">uma saudade da nossa hist\u00f3ria<a href=\"http:\/\/www.portalmantena.com.br\/novo\/wp-content\/uploads\/2017\/08\/tempo110817b.jpg\"><img loading=\"lazy\" class=\"alignnone size-full wp-image-13628\" src=\"http:\/\/www.portalmantena.com.br\/novo\/wp-content\/uploads\/2017\/08\/tempo110817b.jpg\" alt=\"\" width=\"700\" height=\"450\" srcset=\"http:\/\/www.portalmantena.com.br\/novo\/wp-content\/uploads\/2017\/08\/tempo110817b.jpg 700w, http:\/\/www.portalmantena.com.br\/novo\/wp-content\/uploads\/2017\/08\/tempo110817b-300x193.jpg 300w, http:\/\/www.portalmantena.com.br\/novo\/wp-content\/uploads\/2017\/08\/tempo110817b-696x447.jpg 696w, http:\/\/www.portalmantena.com.br\/novo\/wp-content\/uploads\/2017\/08\/tempo110817b-653x420.jpg 653w\" sizes=\"(max-width: 700px) 100vw, 700px\" \/><\/a><\/span><\/span><\/p>\n<p>Amigos e formandos do curso de Contabilidade em Mantena, alguns deles bastante conhecidos na cidade, foto registrada em fevereiro de 1983. Reconhecemos na foto: Jo\u00e3o Virg\u00edlio, Valtinho (Professor), Juvenil, Guarcindo, Edinho, Wagner Souza, Bor\u00f3, Luiz Carlos (in memoriam), Carlinhos entre outros.<\/p>\n","protected":false},"excerpt":{"rendered":"<p>TempoBOM\u00a0uma saudade da nossa hist\u00f3ria Amigos e formandos do curso de Contabilidade em Mantena, alguns deles bastante conhecidos na cidade, foto registrada em fevereiro de 1983. Reconhecemos na foto: Jo\u00e3o Virg\u00edlio, Valtinho (Professor), Juvenil, Guarcindo, Edinho, Wagner Souza, Bor\u00f3, Luiz Carlos (in memoriam), Carlinhos entre outros.<\/p>\n","protected":false},"author":1,"featured_media":13628,"comment_status":"open","ping_status":"open","sticky":false,"template":"","format":"standard","meta":[],"categories":[57],"tags":[],"_links":{"self":[{"href":"http:\/\/www.portalmantena.com.br\/novo\/index.php?rest_route=\/wp\/v2\/posts\/13627"}],"collection":[{"href":"http:\/\/www.portalmantena.com.br\/novo\/index.php?rest_route=\/wp\/v2\/posts"}],"about":[{"href":"http:\/\/www.portalmantena.com.br\/novo\/index.php?rest_route=\/wp\/v2\/types\/post"}],"author":[{"embeddable":true,"href":"http:\/\/www.portalmantena.com.br\/novo\/index.php?rest_route=\/wp\/v2\/users\/1"}],"replies":[{"embeddable":true,"href":"http:\/\/www.portalmantena.com.br\/novo\/index.php?rest_route=%2Fwp%2Fv2%2Fcomments&post=13627"}],"version-history":[{"count":4,"href":"http:\/\/www.portalmantena.com.br\/novo\/index.php?rest_route=\/wp\/v2\/posts\/13627\/revisions"}],"predecessor-version":[{"id":13640,"href":"http:\/\/www.portalmantena.com.br\/novo\/index.php?rest_route=\/wp\/v2\/posts\/13627\/revisions\/13640"}],"wp:featuredmedia":[{"embeddable":true,"href":"http:\/\/www.portalmantena.com.br\/novo\/index.php?rest_route=\/wp\/v2\/media\/13628"}],"wp:attachment":[{"href":"http:\/\/www.portalmantena.com.br\/novo\/index.php?rest_route=%2Fwp%2Fv2%2Fmedia&parent=13627"}],"wp:term":[{"taxonomy":"category","embeddable":true,"href":"http:\/\/www.portalmantena.com.br\/novo\/index.php?rest_route=%2Fwp%2Fv2%2Fcategories&post=13627"},{"taxonomy":"post_tag","embeddable":true,"href":"http:\/\/www.portalmantena.com.br\/novo\/index.php?rest_route=%2Fwp%2Fv2%2Ftags&post=13627"}],"curies":[{"name":"wp","href":"https:\/\/api.w.org\/{rel}","templated":true}]}}