{"id":13618,"date":"2017-08-12T13:58:37","date_gmt":"2017-08-12T16:58:37","guid":{"rendered":"http:\/\/www.portalmantena.com.br\/novo\/?p=13618"},"modified":"2017-08-11T14:01:22","modified_gmt":"2017-08-11T17:01:22","slug":"presidente-temer-sancionou-novo-salario-minimo-que-sera-r-979-em-2018","status":"publish","type":"post","link":"http:\/\/www.portalmantena.com.br\/novo\/?p=13618","title":{"rendered":"Presidente Temer sancionou novo sal\u00e1rio m\u00ednimo que ser\u00e1 R$ 979 em 2018"},"content":{"rendered":"<p><span style=\"font-size: 14pt;\">O presidente Michel Temer sancionou, com vetos, a LDO (Lei de Diretrizes Or\u00e7ament\u00e1rias) para 2018. A LDO estabelece as metas e prioridades do governo para o ano seguinte e orienta a elabora\u00e7\u00e3o da lei or\u00e7ament\u00e1ria anual. O texto sancionado est\u00e1 publicado na edi\u00e7\u00e3o desta quarta-feira (9) do Di\u00e1rio Oficial da Uni\u00e3o. <\/span><\/p>\n<p><span style=\"font-size: 14pt;\">As informa\u00e7\u00f5es s\u00e3o da Ag\u00eancia Brasil. Uma das defini\u00e7\u00f5es foi o aumento de 4,5% no sal\u00e1rio m\u00ednimo, dos R$ 937 deste ano para R$ 979 em 2018. Na mensagem presidencial enviado ao Senado, o governo justifica que vetou alguns pontos por &#8220;contrariedade ao interesse p\u00fablico e inconstitucionalidade&#8221;. <\/span><\/p>\n<p><span style=\"font-size: 14pt;\">Um dos vetos foi ao item que registrava que o Executivo adotaria provid\u00eancias e medidas, inclusive com o envio de proposi\u00e7\u00f5es ao Legislativo, com o objetivo de reduzir o montante de incentivos e benef\u00edcios de natureza tribut\u00e1ria, financeira, credit\u00edcia ou patrimonial.<\/span><\/p>\n","protected":false},"excerpt":{"rendered":"<p>O presidente Michel Temer sancionou, com vetos, a LDO (Lei de Diretrizes Or\u00e7ament\u00e1rias) para 2018. A LDO estabelece as metas e prioridades do governo para o ano seguinte e orienta a elabora\u00e7\u00e3o da lei or\u00e7ament\u00e1ria anual. O texto sancionado est\u00e1 publicado na edi\u00e7\u00e3o desta quarta-feira (9) do Di\u00e1rio Oficial da Uni\u00e3o. As informa\u00e7\u00f5es s\u00e3o da [&hellip;]<\/p>\n","protected":false},"author":1,"featured_media":0,"comment_status":"open","ping_status":"open","sticky":false,"template":"","format":"standard","meta":[],"categories":[24],"tags":[],"_links":{"self":[{"href":"http:\/\/www.portalmantena.com.br\/novo\/index.php?rest_route=\/wp\/v2\/posts\/13618"}],"collection":[{"href":"http:\/\/www.portalmantena.com.br\/novo\/index.php?rest_route=\/wp\/v2\/posts"}],"about":[{"href":"http:\/\/www.portalmantena.com.br\/novo\/index.php?rest_route=\/wp\/v2\/types\/post"}],"author":[{"embeddable":true,"href":"http:\/\/www.portalmantena.com.br\/novo\/index.php?rest_route=\/wp\/v2\/users\/1"}],"replies":[{"embeddable":true,"href":"http:\/\/www.portalmantena.com.br\/novo\/index.php?rest_route=%2Fwp%2Fv2%2Fcomments&post=13618"}],"version-history":[{"count":1,"href":"http:\/\/www.portalmantena.com.br\/novo\/index.php?rest_route=\/wp\/v2\/posts\/13618\/revisions"}],"predecessor-version":[{"id":13619,"href":"http:\/\/www.portalmantena.com.br\/novo\/index.php?rest_route=\/wp\/v2\/posts\/13618\/revisions\/13619"}],"wp:attachment":[{"href":"http:\/\/www.portalmantena.com.br\/novo\/index.php?rest_route=%2Fwp%2Fv2%2Fmedia&parent=13618"}],"wp:term":[{"taxonomy":"category","embeddable":true,"href":"http:\/\/www.portalmantena.com.br\/novo\/index.php?rest_route=%2Fwp%2Fv2%2Fcategories&post=13618"},{"taxonomy":"post_tag","embeddable":true,"href":"http:\/\/www.portalmantena.com.br\/novo\/index.php?rest_route=%2Fwp%2Fv2%2Ftags&post=13618"}],"curies":[{"name":"wp","href":"https:\/\/api.w.org\/{rel}","templated":true}]}}