{"id":13615,"date":"2017-08-12T13:56:39","date_gmt":"2017-08-12T16:56:39","guid":{"rendered":"http:\/\/www.portalmantena.com.br\/novo\/?p=13615"},"modified":"2017-08-11T13:58:30","modified_gmt":"2017-08-11T16:58:30","slug":"profissionais-da-beleza-e-da-saude-da-mulher-em-mantena","status":"publish","type":"post","link":"http:\/\/www.portalmantena.com.br\/novo\/?p=13615","title":{"rendered":"Profissionais da beleza e da sa\u00fade da mulher em Mantena"},"content":{"rendered":"<p><a href=\"http:\/\/www.portalmantena.com.br\/novo\/wp-content\/uploads\/2017\/08\/vi110817estetica.jpg\"><img loading=\"lazy\" class=\"alignnone size-full wp-image-13616\" src=\"http:\/\/www.portalmantena.com.br\/novo\/wp-content\/uploads\/2017\/08\/vi110817estetica.jpg\" alt=\"\" width=\"700\" height=\"450\" srcset=\"http:\/\/www.portalmantena.com.br\/novo\/wp-content\/uploads\/2017\/08\/vi110817estetica.jpg 700w, http:\/\/www.portalmantena.com.br\/novo\/wp-content\/uploads\/2017\/08\/vi110817estetica-300x193.jpg 300w, http:\/\/www.portalmantena.com.br\/novo\/wp-content\/uploads\/2017\/08\/vi110817estetica-696x447.jpg 696w, http:\/\/www.portalmantena.com.br\/novo\/wp-content\/uploads\/2017\/08\/vi110817estetica-653x420.jpg 653w\" sizes=\"(max-width: 700px) 100vw, 700px\" \/><\/a><\/p>\n<p><span style=\"font-size: 14pt;\">Profissionais mantenense em prol da beleza e sa\u00fade da mulher. Patr\u00edcia Karla (esteticista), Ana Paula (Massoterapia) e Michele (Psic\u00f3loga), apenas uma parte desta bela equipe da Cl\u00ednica Est\u00e9tica &amp; Laser de Mantena.<\/span><\/p>\n","protected":false},"excerpt":{"rendered":"<p>Profissionais mantenense em prol da beleza e sa\u00fade da mulher. Patr\u00edcia Karla (esteticista), Ana Paula (Massoterapia) e Michele (Psic\u00f3loga), apenas uma parte desta bela equipe da Cl\u00ednica Est\u00e9tica &amp; Laser de Mantena.<\/p>\n","protected":false},"author":1,"featured_media":13616,"comment_status":"open","ping_status":"open","sticky":false,"template":"","format":"standard","meta":[],"categories":[7,53],"tags":[],"_links":{"self":[{"href":"http:\/\/www.portalmantena.com.br\/novo\/index.php?rest_route=\/wp\/v2\/posts\/13615"}],"collection":[{"href":"http:\/\/www.portalmantena.com.br\/novo\/index.php?rest_route=\/wp\/v2\/posts"}],"about":[{"href":"http:\/\/www.portalmantena.com.br\/novo\/index.php?rest_route=\/wp\/v2\/types\/post"}],"author":[{"embeddable":true,"href":"http:\/\/www.portalmantena.com.br\/novo\/index.php?rest_route=\/wp\/v2\/users\/1"}],"replies":[{"embeddable":true,"href":"http:\/\/www.portalmantena.com.br\/novo\/index.php?rest_route=%2Fwp%2Fv2%2Fcomments&post=13615"}],"version-history":[{"count":1,"href":"http:\/\/www.portalmantena.com.br\/novo\/index.php?rest_route=\/wp\/v2\/posts\/13615\/revisions"}],"predecessor-version":[{"id":13617,"href":"http:\/\/www.portalmantena.com.br\/novo\/index.php?rest_route=\/wp\/v2\/posts\/13615\/revisions\/13617"}],"wp:featuredmedia":[{"embeddable":true,"href":"http:\/\/www.portalmantena.com.br\/novo\/index.php?rest_route=\/wp\/v2\/media\/13616"}],"wp:attachment":[{"href":"http:\/\/www.portalmantena.com.br\/novo\/index.php?rest_route=%2Fwp%2Fv2%2Fmedia&parent=13615"}],"wp:term":[{"taxonomy":"category","embeddable":true,"href":"http:\/\/www.portalmantena.com.br\/novo\/index.php?rest_route=%2Fwp%2Fv2%2Fcategories&post=13615"},{"taxonomy":"post_tag","embeddable":true,"href":"http:\/\/www.portalmantena.com.br\/novo\/index.php?rest_route=%2Fwp%2Fv2%2Ftags&post=13615"}],"curies":[{"name":"wp","href":"https:\/\/api.w.org\/{rel}","templated":true}]}}