{"id":13610,"date":"2017-08-12T19:47:51","date_gmt":"2017-08-12T22:47:51","guid":{"rendered":"http:\/\/www.portalmantena.com.br\/novo\/?p=13610"},"modified":"2017-08-11T13:50:30","modified_gmt":"2017-08-11T16:50:30","slug":"pedido-feito-pedido-atendido-lampadas-sendo-trocadas-na-praca","status":"publish","type":"post","link":"http:\/\/www.portalmantena.com.br\/novo\/?p=13610","title":{"rendered":"Pedido feito, pedido atendido, l\u00e2mpadas sendo trocadas na Pra\u00e7a"},"content":{"rendered":"<p><a href=\"http:\/\/www.portalmantena.com.br\/novo\/wp-content\/uploads\/2017\/08\/no100817lampada1.jpg\"><img loading=\"lazy\" class=\"alignnone size-full wp-image-13611\" src=\"http:\/\/www.portalmantena.com.br\/novo\/wp-content\/uploads\/2017\/08\/no100817lampada1.jpg\" alt=\"\" width=\"700\" height=\"450\" srcset=\"http:\/\/www.portalmantena.com.br\/novo\/wp-content\/uploads\/2017\/08\/no100817lampada1.jpg 700w, http:\/\/www.portalmantena.com.br\/novo\/wp-content\/uploads\/2017\/08\/no100817lampada1-300x193.jpg 300w, http:\/\/www.portalmantena.com.br\/novo\/wp-content\/uploads\/2017\/08\/no100817lampada1-696x447.jpg 696w, http:\/\/www.portalmantena.com.br\/novo\/wp-content\/uploads\/2017\/08\/no100817lampada1-653x420.jpg 653w\" sizes=\"(max-width: 700px) 100vw, 700px\" \/><\/a><\/p>\n<p><span style=\"font-size: 14pt;\">Como as pra\u00e7as em Mantena vem recebendo um cuidado todo especial da atual administra\u00e7\u00e3o municipal, incluindo pintura, poda e reparos na estrutura, na \u00faltima semana, um cidad\u00e3o mantenense usou de uma rede social na internet para evidenciar e agradecer estas melhorias que estavam sendo feitas na pra\u00e7a do Caf\u00e9 (descida do conhecido morro do Chico Lima). <\/span><\/p>\n<p><span style=\"font-size: 14pt;\">Ao mesmo tempo, ele cobrou a melhoria tamb\u00e9m na ilumina\u00e7\u00e3o da pra\u00e7a, pois al\u00e9m das l\u00e2mpadas apagadas, as lumin\u00e1rias muito antigas j\u00e1 n\u00e3o estavam cumprindo seu papel de iluminar a pra\u00e7a com efici\u00eancia. <\/span><\/p>\n<p><span style=\"font-size: 14pt;\">O pedido foi feito e as pessoas apoiaram esta iniciativa, cobrando tamb\u00e9m que os reparos fossem feitos. No in\u00edcio da tarde desta quinta-feira dia 10 de Agosto, a resposta \u00e0 solicita\u00e7\u00e3o foi atendida. <\/span><\/p>\n<p><span style=\"font-size: 14pt;\">A empresa Corluz, respons\u00e1vel pela troca de l\u00e2mpadas queimadas no setor p\u00fablico e melhorias na rede el\u00e9trica, estava na pra\u00e7a iniciando os trabalhos de melhoria na ilumina\u00e7\u00e3o local. <\/span><\/p>\n<p><span style=\"font-size: 14pt;\">Segundo informa\u00e7\u00f5es, al\u00e9m da substitui\u00e7\u00e3o das l\u00e2mpadas queimadas, as lumin\u00e1rias tamb\u00e9m ser\u00e3o trocadas por outras, pois al\u00e9m de j\u00e1 serem ultrapassadas, j\u00e1 n\u00e3o existem pe\u00e7as reparadoras. <\/span><\/p>\n<p><span style=\"font-size: 14pt;\">De acordo com informa\u00e7\u00f5es obtidas pelos funcion\u00e1rios da empresa, os reparos devem ser conclu\u00eddos at\u00e9 a pr\u00f3xima semana, com a ilumina\u00e7\u00e3o novamente sendo eficiente e proporcionando maior conforto e seguran\u00e7a para a comunidade. <\/span><\/p>\n<p><span style=\"font-size: 14pt;\">A popula\u00e7\u00e3o agradece a rapidez no atendimento \u00e0 reivindica\u00e7\u00e3o feita. (fotos:RodrigoAlves).<\/span><\/p>\n<p><a href=\"http:\/\/www.portalmantena.com.br\/novo\/wp-content\/uploads\/2017\/08\/no100817lampada2.jpg\"><img loading=\"lazy\" class=\"alignnone size-full wp-image-13612\" src=\"http:\/\/www.portalmantena.com.br\/novo\/wp-content\/uploads\/2017\/08\/no100817lampada2.jpg\" alt=\"\" width=\"700\" height=\"450\" srcset=\"http:\/\/www.portalmantena.com.br\/novo\/wp-content\/uploads\/2017\/08\/no100817lampada2.jpg 700w, http:\/\/www.portalmantena.com.br\/novo\/wp-content\/uploads\/2017\/08\/no100817lampada2-300x193.jpg 300w, http:\/\/www.portalmantena.com.br\/novo\/wp-content\/uploads\/2017\/08\/no100817lampada2-696x447.jpg 696w, http:\/\/www.portalmantena.com.br\/novo\/wp-content\/uploads\/2017\/08\/no100817lampada2-653x420.jpg 653w\" sizes=\"(max-width: 700px) 100vw, 700px\" \/><\/a><\/p>\n","protected":false},"excerpt":{"rendered":"<p>Como as pra\u00e7as em Mantena vem recebendo um cuidado todo especial da atual administra\u00e7\u00e3o municipal, incluindo pintura, poda e reparos na estrutura, na \u00faltima semana, um cidad\u00e3o mantenense usou de uma rede social na internet para evidenciar e agradecer estas melhorias que estavam sendo feitas na pra\u00e7a do Caf\u00e9 (descida do conhecido morro do Chico [&hellip;]<\/p>\n","protected":false},"author":1,"featured_media":13611,"comment_status":"open","ping_status":"open","sticky":false,"template":"","format":"standard","meta":[],"categories":[36,11],"tags":[],"_links":{"self":[{"href":"http:\/\/www.portalmantena.com.br\/novo\/index.php?rest_route=\/wp\/v2\/posts\/13610"}],"collection":[{"href":"http:\/\/www.portalmantena.com.br\/novo\/index.php?rest_route=\/wp\/v2\/posts"}],"about":[{"href":"http:\/\/www.portalmantena.com.br\/novo\/index.php?rest_route=\/wp\/v2\/types\/post"}],"author":[{"embeddable":true,"href":"http:\/\/www.portalmantena.com.br\/novo\/index.php?rest_route=\/wp\/v2\/users\/1"}],"replies":[{"embeddable":true,"href":"http:\/\/www.portalmantena.com.br\/novo\/index.php?rest_route=%2Fwp%2Fv2%2Fcomments&post=13610"}],"version-history":[{"count":1,"href":"http:\/\/www.portalmantena.com.br\/novo\/index.php?rest_route=\/wp\/v2\/posts\/13610\/revisions"}],"predecessor-version":[{"id":13613,"href":"http:\/\/www.portalmantena.com.br\/novo\/index.php?rest_route=\/wp\/v2\/posts\/13610\/revisions\/13613"}],"wp:featuredmedia":[{"embeddable":true,"href":"http:\/\/www.portalmantena.com.br\/novo\/index.php?rest_route=\/wp\/v2\/media\/13611"}],"wp:attachment":[{"href":"http:\/\/www.portalmantena.com.br\/novo\/index.php?rest_route=%2Fwp%2Fv2%2Fmedia&parent=13610"}],"wp:term":[{"taxonomy":"category","embeddable":true,"href":"http:\/\/www.portalmantena.com.br\/novo\/index.php?rest_route=%2Fwp%2Fv2%2Fcategories&post=13610"},{"taxonomy":"post_tag","embeddable":true,"href":"http:\/\/www.portalmantena.com.br\/novo\/index.php?rest_route=%2Fwp%2Fv2%2Ftags&post=13610"}],"curies":[{"name":"wp","href":"https:\/\/api.w.org\/{rel}","templated":true}]}}