{"id":13604,"date":"2017-08-11T19:40:32","date_gmt":"2017-08-11T22:40:32","guid":{"rendered":"http:\/\/www.portalmantena.com.br\/novo\/?p=13604"},"modified":"2017-08-11T13:44:51","modified_gmt":"2017-08-11T16:44:51","slug":"suspeito-de-cometer-homicidio-e-preso-em-ecoporanga","status":"publish","type":"post","link":"http:\/\/www.portalmantena.com.br\/novo\/?p=13604","title":{"rendered":"Suspeito de cometer homic\u00eddio \u00e9 preso em Ecoporanga"},"content":{"rendered":"<p><a href=\"http:\/\/www.portalmantena.com.br\/novo\/wp-content\/uploads\/2017\/08\/no110817arma.jpg\"><img loading=\"lazy\" class=\"alignnone size-full wp-image-13605\" src=\"http:\/\/www.portalmantena.com.br\/novo\/wp-content\/uploads\/2017\/08\/no110817arma.jpg\" alt=\"\" width=\"700\" height=\"450\" srcset=\"http:\/\/www.portalmantena.com.br\/novo\/wp-content\/uploads\/2017\/08\/no110817arma.jpg 700w, http:\/\/www.portalmantena.com.br\/novo\/wp-content\/uploads\/2017\/08\/no110817arma-300x193.jpg 300w, http:\/\/www.portalmantena.com.br\/novo\/wp-content\/uploads\/2017\/08\/no110817arma-696x447.jpg 696w, http:\/\/www.portalmantena.com.br\/novo\/wp-content\/uploads\/2017\/08\/no110817arma-653x420.jpg 653w\" sizes=\"(max-width: 700px) 100vw, 700px\" \/><\/a><\/p>\n<p><span style=\"font-size: 14pt;\">Na manh\u00e3 desta quinta-feira (10), policiais militares do 11\u00ba Batalh\u00e3o e policiais civis desencadearam uma opera\u00e7\u00e3o que resultou na pris\u00e3o de um homem acusado de homic\u00eddio, no munic\u00edpio de Ecoporanga. <\/span><\/p>\n<p><span style=\"font-size: 14pt;\">De acordo com as equipes, contra J.A.B., de 24 anos, havia um mandado de pris\u00e3o em aberto, pois ele \u00e9 acusado de ser o autor de um homic\u00eddio ocorrido no dia 1\u00ba de agosto deste ano. <\/span><\/p>\n<p><span style=\"font-size: 14pt;\">Na resid\u00eancia do suspeito foi apreendido um rev\u00f3lver calibre .38 municiado com seis muni\u00e7\u00f5es, 41 pedras de crack, dentre outros objetos. <\/span><\/p>\n<p><span style=\"font-size: 14pt;\">O criminoso foi encaminhado ao plant\u00e3o policial para o registro da ocorr\u00eancia.\u00a0<\/span><\/p>\n","protected":false},"excerpt":{"rendered":"<p>Na manh\u00e3 desta quinta-feira (10), policiais militares do 11\u00ba Batalh\u00e3o e policiais civis desencadearam uma opera\u00e7\u00e3o que resultou na pris\u00e3o de um homem acusado de homic\u00eddio, no munic\u00edpio de Ecoporanga. De acordo com as equipes, contra J.A.B., de 24 anos, havia um mandado de pris\u00e3o em aberto, pois ele \u00e9 acusado de ser o autor [&hellip;]<\/p>\n","protected":false},"author":1,"featured_media":13605,"comment_status":"open","ping_status":"open","sticky":false,"template":"","format":"standard","meta":[],"categories":[11,34],"tags":[],"_links":{"self":[{"href":"http:\/\/www.portalmantena.com.br\/novo\/index.php?rest_route=\/wp\/v2\/posts\/13604"}],"collection":[{"href":"http:\/\/www.portalmantena.com.br\/novo\/index.php?rest_route=\/wp\/v2\/posts"}],"about":[{"href":"http:\/\/www.portalmantena.com.br\/novo\/index.php?rest_route=\/wp\/v2\/types\/post"}],"author":[{"embeddable":true,"href":"http:\/\/www.portalmantena.com.br\/novo\/index.php?rest_route=\/wp\/v2\/users\/1"}],"replies":[{"embeddable":true,"href":"http:\/\/www.portalmantena.com.br\/novo\/index.php?rest_route=%2Fwp%2Fv2%2Fcomments&post=13604"}],"version-history":[{"count":1,"href":"http:\/\/www.portalmantena.com.br\/novo\/index.php?rest_route=\/wp\/v2\/posts\/13604\/revisions"}],"predecessor-version":[{"id":13606,"href":"http:\/\/www.portalmantena.com.br\/novo\/index.php?rest_route=\/wp\/v2\/posts\/13604\/revisions\/13606"}],"wp:featuredmedia":[{"embeddable":true,"href":"http:\/\/www.portalmantena.com.br\/novo\/index.php?rest_route=\/wp\/v2\/media\/13605"}],"wp:attachment":[{"href":"http:\/\/www.portalmantena.com.br\/novo\/index.php?rest_route=%2Fwp%2Fv2%2Fmedia&parent=13604"}],"wp:term":[{"taxonomy":"category","embeddable":true,"href":"http:\/\/www.portalmantena.com.br\/novo\/index.php?rest_route=%2Fwp%2Fv2%2Fcategories&post=13604"},{"taxonomy":"post_tag","embeddable":true,"href":"http:\/\/www.portalmantena.com.br\/novo\/index.php?rest_route=%2Fwp%2Fv2%2Ftags&post=13604"}],"curies":[{"name":"wp","href":"https:\/\/api.w.org\/{rel}","templated":true}]}}