{"id":13571,"date":"2017-08-11T10:36:48","date_gmt":"2017-08-11T13:36:48","guid":{"rendered":"http:\/\/www.portalmantena.com.br\/novo\/?p=13571"},"modified":"2017-08-11T10:36:48","modified_gmt":"2017-08-11T13:36:48","slug":"dia-dos-pais-chegando-na-mobiliadora-universal-em-mantena","status":"publish","type":"post","link":"http:\/\/www.portalmantena.com.br\/novo\/?p=13571","title":{"rendered":"Dia dos pais chegando na Mobiliadora Universal em Mantena"},"content":{"rendered":"<p><a href=\"http:\/\/www.portalmantena.com.br\/novo\/wp-content\/uploads\/2017\/08\/no110817pais1.jpg\"><img loading=\"lazy\" class=\"alignnone size-full wp-image-13572\" src=\"http:\/\/www.portalmantena.com.br\/novo\/wp-content\/uploads\/2017\/08\/no110817pais1.jpg\" alt=\"\" width=\"700\" height=\"450\" srcset=\"http:\/\/www.portalmantena.com.br\/novo\/wp-content\/uploads\/2017\/08\/no110817pais1.jpg 700w, http:\/\/www.portalmantena.com.br\/novo\/wp-content\/uploads\/2017\/08\/no110817pais1-300x193.jpg 300w, http:\/\/www.portalmantena.com.br\/novo\/wp-content\/uploads\/2017\/08\/no110817pais1-696x447.jpg 696w, http:\/\/www.portalmantena.com.br\/novo\/wp-content\/uploads\/2017\/08\/no110817pais1-653x420.jpg 653w\" sizes=\"(max-width: 700px) 100vw, 700px\" \/><\/a><\/p>\n<p><span style=\"font-size: 14pt;\">Com a comemora\u00e7\u00e3o do DIA DOS PAIS chegando, quem ainda est\u00e1 em d\u00favida sobre o presente que no pr\u00f3ximo domingo levar\u00e1 para seu papai querido, a loja mobiliadora Universal em Mantena tem v\u00e1rias op\u00e7\u00f5es e muitas delas est\u00e3o expostas em seu show room (o maior da regi\u00e3o), na bela loja situada no centro da cidade, ao lado do F\u00f3rum. <\/span><\/p>\n<p><span style=\"font-size: 14pt;\">S\u00e3o v\u00e1rias op\u00e7\u00f5es como churrasqueiras, aparelho de som, cadeira do papai, sof\u00e1s, jogos de mesa, misteiras, torradeiras, DVD e muito mais.<\/span><\/p>\n<p><span style=\"font-size: 14pt;\"> Aproveitando este momento todo especial, visite a loja e leve aquele presente bem bacana para seu pai, com certeza ele vai adorar, e dependendo do presente todos ir\u00e3o aproveitar e compartilhar com o papai este dia especial de comemora\u00e7\u00e3o.<\/span><\/p>\n<p><a href=\"http:\/\/www.portalmantena.com.br\/novo\/wp-content\/uploads\/2017\/08\/no110817pais2.jpg\"><img loading=\"lazy\" class=\"alignnone size-full wp-image-13573\" src=\"http:\/\/www.portalmantena.com.br\/novo\/wp-content\/uploads\/2017\/08\/no110817pais2.jpg\" alt=\"\" width=\"700\" height=\"450\" srcset=\"http:\/\/www.portalmantena.com.br\/novo\/wp-content\/uploads\/2017\/08\/no110817pais2.jpg 700w, http:\/\/www.portalmantena.com.br\/novo\/wp-content\/uploads\/2017\/08\/no110817pais2-300x193.jpg 300w, http:\/\/www.portalmantena.com.br\/novo\/wp-content\/uploads\/2017\/08\/no110817pais2-696x447.jpg 696w, http:\/\/www.portalmantena.com.br\/novo\/wp-content\/uploads\/2017\/08\/no110817pais2-653x420.jpg 653w\" sizes=\"(max-width: 700px) 100vw, 700px\" \/><\/a> <a href=\"http:\/\/www.portalmantena.com.br\/novo\/wp-content\/uploads\/2017\/08\/no110817pais3.jpg\"><img loading=\"lazy\" class=\"alignnone size-full wp-image-13574\" src=\"http:\/\/www.portalmantena.com.br\/novo\/wp-content\/uploads\/2017\/08\/no110817pais3.jpg\" alt=\"\" width=\"700\" height=\"450\" srcset=\"http:\/\/www.portalmantena.com.br\/novo\/wp-content\/uploads\/2017\/08\/no110817pais3.jpg 700w, http:\/\/www.portalmantena.com.br\/novo\/wp-content\/uploads\/2017\/08\/no110817pais3-300x193.jpg 300w, http:\/\/www.portalmantena.com.br\/novo\/wp-content\/uploads\/2017\/08\/no110817pais3-696x447.jpg 696w, http:\/\/www.portalmantena.com.br\/novo\/wp-content\/uploads\/2017\/08\/no110817pais3-653x420.jpg 653w\" sizes=\"(max-width: 700px) 100vw, 700px\" \/><\/a> <a href=\"http:\/\/www.portalmantena.com.br\/novo\/wp-content\/uploads\/2017\/08\/no110817pais4.jpg\"><img loading=\"lazy\" class=\"alignnone size-full wp-image-13575\" src=\"http:\/\/www.portalmantena.com.br\/novo\/wp-content\/uploads\/2017\/08\/no110817pais4.jpg\" alt=\"\" width=\"700\" height=\"450\" srcset=\"http:\/\/www.portalmantena.com.br\/novo\/wp-content\/uploads\/2017\/08\/no110817pais4.jpg 700w, http:\/\/www.portalmantena.com.br\/novo\/wp-content\/uploads\/2017\/08\/no110817pais4-300x193.jpg 300w, http:\/\/www.portalmantena.com.br\/novo\/wp-content\/uploads\/2017\/08\/no110817pais4-696x447.jpg 696w, http:\/\/www.portalmantena.com.br\/novo\/wp-content\/uploads\/2017\/08\/no110817pais4-653x420.jpg 653w\" sizes=\"(max-width: 700px) 100vw, 700px\" \/><\/a><\/p>\n","protected":false},"excerpt":{"rendered":"<p>Com a comemora\u00e7\u00e3o do DIA DOS PAIS chegando, quem ainda est\u00e1 em d\u00favida sobre o presente que no pr\u00f3ximo domingo levar\u00e1 para seu papai querido, a loja mobiliadora Universal em Mantena tem v\u00e1rias op\u00e7\u00f5es e muitas delas est\u00e3o expostas em seu show room (o maior da regi\u00e3o), na bela loja situada no centro da cidade, [&hellip;]<\/p>\n","protected":false},"author":1,"featured_media":13572,"comment_status":"open","ping_status":"open","sticky":false,"template":"","format":"standard","meta":[],"categories":[36,11],"tags":[],"_links":{"self":[{"href":"http:\/\/www.portalmantena.com.br\/novo\/index.php?rest_route=\/wp\/v2\/posts\/13571"}],"collection":[{"href":"http:\/\/www.portalmantena.com.br\/novo\/index.php?rest_route=\/wp\/v2\/posts"}],"about":[{"href":"http:\/\/www.portalmantena.com.br\/novo\/index.php?rest_route=\/wp\/v2\/types\/post"}],"author":[{"embeddable":true,"href":"http:\/\/www.portalmantena.com.br\/novo\/index.php?rest_route=\/wp\/v2\/users\/1"}],"replies":[{"embeddable":true,"href":"http:\/\/www.portalmantena.com.br\/novo\/index.php?rest_route=%2Fwp%2Fv2%2Fcomments&post=13571"}],"version-history":[{"count":1,"href":"http:\/\/www.portalmantena.com.br\/novo\/index.php?rest_route=\/wp\/v2\/posts\/13571\/revisions"}],"predecessor-version":[{"id":13576,"href":"http:\/\/www.portalmantena.com.br\/novo\/index.php?rest_route=\/wp\/v2\/posts\/13571\/revisions\/13576"}],"wp:featuredmedia":[{"embeddable":true,"href":"http:\/\/www.portalmantena.com.br\/novo\/index.php?rest_route=\/wp\/v2\/media\/13572"}],"wp:attachment":[{"href":"http:\/\/www.portalmantena.com.br\/novo\/index.php?rest_route=%2Fwp%2Fv2%2Fmedia&parent=13571"}],"wp:term":[{"taxonomy":"category","embeddable":true,"href":"http:\/\/www.portalmantena.com.br\/novo\/index.php?rest_route=%2Fwp%2Fv2%2Fcategories&post=13571"},{"taxonomy":"post_tag","embeddable":true,"href":"http:\/\/www.portalmantena.com.br\/novo\/index.php?rest_route=%2Fwp%2Fv2%2Ftags&post=13571"}],"curies":[{"name":"wp","href":"https:\/\/api.w.org\/{rel}","templated":true}]}}