{"id":13515,"date":"2017-08-10T14:35:12","date_gmt":"2017-08-10T17:35:12","guid":{"rendered":"http:\/\/www.portalmantena.com.br\/novo\/?p=13515"},"modified":"2017-08-10T14:35:12","modified_gmt":"2017-08-10T17:35:12","slug":"turma-da-escola-antonio-carlos-no-desfile-da-cidade","status":"publish","type":"post","link":"http:\/\/www.portalmantena.com.br\/novo\/?p=13515","title":{"rendered":"Turma da Escola Ant\u00f4nio Carlos no Desfile da Cidade"},"content":{"rendered":"<p><span style=\"color: #993300;\"><span style=\"font-size: 36pt;\"><strong>Tempo<\/strong>BOM<\/span>\u00a0<span style=\"font-size: 18pt;\">uma saudade da nossa hist\u00f3ria<a href=\"http:\/\/www.portalmantena.com.br\/novo\/wp-content\/uploads\/2017\/08\/tempo100817a.jpg\"><img loading=\"lazy\" class=\"alignnone size-full wp-image-13516\" src=\"http:\/\/www.portalmantena.com.br\/novo\/wp-content\/uploads\/2017\/08\/tempo100817a.jpg\" alt=\"\" width=\"700\" height=\"450\" srcset=\"http:\/\/www.portalmantena.com.br\/novo\/wp-content\/uploads\/2017\/08\/tempo100817a.jpg 700w, http:\/\/www.portalmantena.com.br\/novo\/wp-content\/uploads\/2017\/08\/tempo100817a-300x193.jpg 300w, http:\/\/www.portalmantena.com.br\/novo\/wp-content\/uploads\/2017\/08\/tempo100817a-696x447.jpg 696w, http:\/\/www.portalmantena.com.br\/novo\/wp-content\/uploads\/2017\/08\/tempo100817a-653x420.jpg 653w\" sizes=\"(max-width: 700px) 100vw, 700px\" \/><\/a><\/span><\/span><\/p>\n<p>Esta \u00e9 uma turma da Escola Estadual Ant\u00f4nio Carlos em Mantena, no dia 13 de Junho de 1977, no desfile da Cidade. No passado havia tamb\u00e9m o desfile no dia do anivers\u00e1rio da cidade. Turma com a camisa alusiva \u00e0s Olimp\u00edadas. Alunos posicionados no cruzamento da Avenida Get\u00falio Vargas com Benedito Valadares. Na foto identificamos: Josiane Assis (Biba), Ruth, Neila Mattedi e Maria Helena (IMP).<\/p>\n","protected":false},"excerpt":{"rendered":"<p>TempoBOM\u00a0uma saudade da nossa hist\u00f3ria Esta \u00e9 uma turma da Escola Estadual Ant\u00f4nio Carlos em Mantena, no dia 13 de Junho de 1977, no desfile da Cidade. No passado havia tamb\u00e9m o desfile no dia do anivers\u00e1rio da cidade. Turma com a camisa alusiva \u00e0s Olimp\u00edadas. Alunos posicionados no cruzamento da Avenida Get\u00falio Vargas com [&hellip;]<\/p>\n","protected":false},"author":1,"featured_media":13516,"comment_status":"open","ping_status":"open","sticky":false,"template":"","format":"standard","meta":[],"categories":[57],"tags":[],"_links":{"self":[{"href":"http:\/\/www.portalmantena.com.br\/novo\/index.php?rest_route=\/wp\/v2\/posts\/13515"}],"collection":[{"href":"http:\/\/www.portalmantena.com.br\/novo\/index.php?rest_route=\/wp\/v2\/posts"}],"about":[{"href":"http:\/\/www.portalmantena.com.br\/novo\/index.php?rest_route=\/wp\/v2\/types\/post"}],"author":[{"embeddable":true,"href":"http:\/\/www.portalmantena.com.br\/novo\/index.php?rest_route=\/wp\/v2\/users\/1"}],"replies":[{"embeddable":true,"href":"http:\/\/www.portalmantena.com.br\/novo\/index.php?rest_route=%2Fwp%2Fv2%2Fcomments&post=13515"}],"version-history":[{"count":1,"href":"http:\/\/www.portalmantena.com.br\/novo\/index.php?rest_route=\/wp\/v2\/posts\/13515\/revisions"}],"predecessor-version":[{"id":13517,"href":"http:\/\/www.portalmantena.com.br\/novo\/index.php?rest_route=\/wp\/v2\/posts\/13515\/revisions\/13517"}],"wp:featuredmedia":[{"embeddable":true,"href":"http:\/\/www.portalmantena.com.br\/novo\/index.php?rest_route=\/wp\/v2\/media\/13516"}],"wp:attachment":[{"href":"http:\/\/www.portalmantena.com.br\/novo\/index.php?rest_route=%2Fwp%2Fv2%2Fmedia&parent=13515"}],"wp:term":[{"taxonomy":"category","embeddable":true,"href":"http:\/\/www.portalmantena.com.br\/novo\/index.php?rest_route=%2Fwp%2Fv2%2Fcategories&post=13515"},{"taxonomy":"post_tag","embeddable":true,"href":"http:\/\/www.portalmantena.com.br\/novo\/index.php?rest_route=%2Fwp%2Fv2%2Ftags&post=13515"}],"curies":[{"name":"wp","href":"https:\/\/api.w.org\/{rel}","templated":true}]}}