{"id":13505,"date":"2017-08-10T20:43:15","date_gmt":"2017-08-10T23:43:15","guid":{"rendered":"http:\/\/www.portalmantena.com.br\/novo\/?p=13505"},"modified":"2017-08-10T14:02:46","modified_gmt":"2017-08-10T17:02:46","slug":"autor-de-roubo-a-mao-armada-em-mantena-e-preso-no-mato-grosso","status":"publish","type":"post","link":"http:\/\/www.portalmantena.com.br\/novo\/?p=13505","title":{"rendered":"Autor de roubo \u00e0 m\u00e3o armada em Mantena \u00e9 preso no Mato Grosso"},"content":{"rendered":"<p><a href=\"http:\/\/www.portalmantena.com.br\/novo\/wp-content\/uploads\/2017\/08\/no100817civil.jpg\"><img loading=\"lazy\" class=\"alignnone size-full wp-image-13506\" src=\"http:\/\/www.portalmantena.com.br\/novo\/wp-content\/uploads\/2017\/08\/no100817civil.jpg\" alt=\"\" width=\"700\" height=\"450\" srcset=\"http:\/\/www.portalmantena.com.br\/novo\/wp-content\/uploads\/2017\/08\/no100817civil.jpg 700w, http:\/\/www.portalmantena.com.br\/novo\/wp-content\/uploads\/2017\/08\/no100817civil-300x193.jpg 300w, http:\/\/www.portalmantena.com.br\/novo\/wp-content\/uploads\/2017\/08\/no100817civil-696x447.jpg 696w, http:\/\/www.portalmantena.com.br\/novo\/wp-content\/uploads\/2017\/08\/no100817civil-653x420.jpg 653w\" sizes=\"(max-width: 700px) 100vw, 700px\" \/><\/a><\/p>\n<p><span style=\"font-size: 14pt;\">Na \u00faltima ter\u00e7a-feira, 8 de agosto, na cidade de Comodoro\/MT, foi preso o mantenense R.J.R, vulgo Boc\u00e3o. A pris\u00e3o ocorreu ap\u00f3s a troca de informa\u00e7\u00f5es entre as equipes das Pol\u00edcias Civis de Minas Gerais e Mato Grosso. <\/span><\/p>\n<p><span style=\"font-size: 14pt;\">Ele \u00e9 acusado de ter praticado um roubo \u00e0 m\u00e3o armada no dia 02 de maio deste ano, na estrada que interliga Mantena ao distrito de Ariranha. <\/span><\/p>\n<p><span style=\"font-size: 14pt;\">Na ocasi\u00e3o ele teria abordado um ve\u00edculo onde seguiam um casal de irm\u00e3os e roubado deles diversas j\u00f3ias e uma quantia em dinheiro. Segundo informa\u00e7\u00f5es, o criminoso estava em uma motocicleta, tamb\u00e9m roubada, a qual foi recuperada no dia seguinte. <\/span><\/p>\n<p><span style=\"font-size: 14pt;\">Ap\u00f3s a realiza\u00e7\u00e3o de dilig\u00eancias investigativas que possibilitaram a identifica\u00e7\u00e3o do acusado, a PCMG representou pela decreta\u00e7\u00e3o da pris\u00e3o preventiva dele, sendo a medida deferida pela Justi\u00e7a.<\/span><\/p>\n<p><span style=\"font-size: 14pt;\"> Foram feitas tentativas de cumprimento do mandado de pris\u00e3o pela pol\u00edcia mineira no endere\u00e7o conhecido do acusado, mas ele j\u00e1 teria se evadido para o Estado do Mato Grosso, vindo a ser preso nesta semana. <\/span><\/p>\n<p><span style=\"font-size: 14pt;\">O acusado permanece custodiado no Estado do Mato Grosso, aguardando recambiamento para Minas Gerais. (fonte:PC)<\/span><\/p>\n","protected":false},"excerpt":{"rendered":"<p>Na \u00faltima ter\u00e7a-feira, 8 de agosto, na cidade de Comodoro\/MT, foi preso o mantenense R.J.R, vulgo Boc\u00e3o. A pris\u00e3o ocorreu ap\u00f3s a troca de informa\u00e7\u00f5es entre as equipes das Pol\u00edcias Civis de Minas Gerais e Mato Grosso. Ele \u00e9 acusado de ter praticado um roubo \u00e0 m\u00e3o armada no dia 02 de maio deste ano, [&hellip;]<\/p>\n","protected":false},"author":1,"featured_media":13506,"comment_status":"open","ping_status":"open","sticky":false,"template":"","format":"standard","meta":[],"categories":[11,34],"tags":[],"_links":{"self":[{"href":"http:\/\/www.portalmantena.com.br\/novo\/index.php?rest_route=\/wp\/v2\/posts\/13505"}],"collection":[{"href":"http:\/\/www.portalmantena.com.br\/novo\/index.php?rest_route=\/wp\/v2\/posts"}],"about":[{"href":"http:\/\/www.portalmantena.com.br\/novo\/index.php?rest_route=\/wp\/v2\/types\/post"}],"author":[{"embeddable":true,"href":"http:\/\/www.portalmantena.com.br\/novo\/index.php?rest_route=\/wp\/v2\/users\/1"}],"replies":[{"embeddable":true,"href":"http:\/\/www.portalmantena.com.br\/novo\/index.php?rest_route=%2Fwp%2Fv2%2Fcomments&post=13505"}],"version-history":[{"count":1,"href":"http:\/\/www.portalmantena.com.br\/novo\/index.php?rest_route=\/wp\/v2\/posts\/13505\/revisions"}],"predecessor-version":[{"id":13507,"href":"http:\/\/www.portalmantena.com.br\/novo\/index.php?rest_route=\/wp\/v2\/posts\/13505\/revisions\/13507"}],"wp:featuredmedia":[{"embeddable":true,"href":"http:\/\/www.portalmantena.com.br\/novo\/index.php?rest_route=\/wp\/v2\/media\/13506"}],"wp:attachment":[{"href":"http:\/\/www.portalmantena.com.br\/novo\/index.php?rest_route=%2Fwp%2Fv2%2Fmedia&parent=13505"}],"wp:term":[{"taxonomy":"category","embeddable":true,"href":"http:\/\/www.portalmantena.com.br\/novo\/index.php?rest_route=%2Fwp%2Fv2%2Fcategories&post=13505"},{"taxonomy":"post_tag","embeddable":true,"href":"http:\/\/www.portalmantena.com.br\/novo\/index.php?rest_route=%2Fwp%2Fv2%2Ftags&post=13505"}],"curies":[{"name":"wp","href":"https:\/\/api.w.org\/{rel}","templated":true}]}}