{"id":13490,"date":"2017-08-10T19:26:09","date_gmt":"2017-08-10T22:26:09","guid":{"rendered":"http:\/\/www.portalmantena.com.br\/novo\/?p=13490"},"modified":"2017-08-10T13:28:35","modified_gmt":"2017-08-10T16:28:35","slug":"pms-de-mantena-sao-homenageados-como-destaque-operacional","status":"publish","type":"post","link":"http:\/\/www.portalmantena.com.br\/novo\/?p=13490","title":{"rendered":"PMs de Mantena s\u00e3o homenageados como Destaque Operacional"},"content":{"rendered":"<p><a href=\"http:\/\/www.portalmantena.com.br\/novo\/wp-content\/uploads\/2017\/08\/no100817pm1.jpg\"><img loading=\"lazy\" class=\"alignnone size-full wp-image-13491\" src=\"http:\/\/www.portalmantena.com.br\/novo\/wp-content\/uploads\/2017\/08\/no100817pm1.jpg\" alt=\"\" width=\"700\" height=\"450\" srcset=\"http:\/\/www.portalmantena.com.br\/novo\/wp-content\/uploads\/2017\/08\/no100817pm1.jpg 700w, http:\/\/www.portalmantena.com.br\/novo\/wp-content\/uploads\/2017\/08\/no100817pm1-300x193.jpg 300w, http:\/\/www.portalmantena.com.br\/novo\/wp-content\/uploads\/2017\/08\/no100817pm1-696x447.jpg 696w, http:\/\/www.portalmantena.com.br\/novo\/wp-content\/uploads\/2017\/08\/no100817pm1-653x420.jpg 653w\" sizes=\"(max-width: 700px) 100vw, 700px\" \/><\/a><\/p>\n<p><span style=\"font-size: 14pt;\">Policiais militares da 159Cia de Mantena, participaram na manh\u00e3 desta quarta-feira dia 09 de agosto, na sede da Oitava Regi\u00e3o da Pol\u00edcia Militar em Governador Valadares, das comemora\u00e7\u00f5es dos 65 anos do Sexto Batalh\u00e3o. <\/span><\/p>\n<p><span style=\"font-size: 14pt;\">Na oportunidade estes miliares entre outros, foram homenageados pelo Comando do Sexto Batalh\u00e3o como destaques operacionais neste ano de 2017.\u00a0<\/span><\/p>\n<p><span style=\"font-size: 14pt;\">A solenidade foi abrilhantada com as ilustres presen\u00e7as de diversas autoridades, entre elas, Deputado Estadual Cabo Julio, Deputado Estadual Jos\u00e9 Bonif\u00e1cio Mour\u00e3o, Prefeito de Valadares Andr\u00e9 Merlo e diversas outras autoridades do Poder Judici\u00e1rio e Minist\u00e9rio P\u00fablico. <\/span><\/p>\n<p><span style=\"font-size: 14pt;\">Pela 159 Cia PM de Mantena foram homenageados o capit\u00e3o Lindomar ,Sub tenente Wender, Sub tenente Marcos Diniz, Sargento Rog\u00e9rio (de Itabirinha), Sgt Fernandes, Sgt Marcos, Sgt Evaristo (de Mendes Pimentel), Cabo Mendes, Cabo Kaiser, Cabo Humberto e Cabo Kleber (de Itabirinha).<\/span><\/p>\n<p><a href=\"http:\/\/www.portalmantena.com.br\/novo\/wp-content\/uploads\/2017\/08\/no100817pm2.jpg\"><img loading=\"lazy\" class=\"alignnone size-full wp-image-13492\" src=\"http:\/\/www.portalmantena.com.br\/novo\/wp-content\/uploads\/2017\/08\/no100817pm2.jpg\" alt=\"\" width=\"700\" height=\"450\" srcset=\"http:\/\/www.portalmantena.com.br\/novo\/wp-content\/uploads\/2017\/08\/no100817pm2.jpg 700w, http:\/\/www.portalmantena.com.br\/novo\/wp-content\/uploads\/2017\/08\/no100817pm2-300x193.jpg 300w, http:\/\/www.portalmantena.com.br\/novo\/wp-content\/uploads\/2017\/08\/no100817pm2-696x447.jpg 696w, http:\/\/www.portalmantena.com.br\/novo\/wp-content\/uploads\/2017\/08\/no100817pm2-653x420.jpg 653w\" sizes=\"(max-width: 700px) 100vw, 700px\" \/><\/a> <a href=\"http:\/\/www.portalmantena.com.br\/novo\/wp-content\/uploads\/2017\/08\/no100817pm3.jpg\"><img loading=\"lazy\" class=\"alignnone size-full wp-image-13493\" src=\"http:\/\/www.portalmantena.com.br\/novo\/wp-content\/uploads\/2017\/08\/no100817pm3.jpg\" alt=\"\" width=\"700\" height=\"450\" srcset=\"http:\/\/www.portalmantena.com.br\/novo\/wp-content\/uploads\/2017\/08\/no100817pm3.jpg 700w, http:\/\/www.portalmantena.com.br\/novo\/wp-content\/uploads\/2017\/08\/no100817pm3-300x193.jpg 300w, http:\/\/www.portalmantena.com.br\/novo\/wp-content\/uploads\/2017\/08\/no100817pm3-696x447.jpg 696w, http:\/\/www.portalmantena.com.br\/novo\/wp-content\/uploads\/2017\/08\/no100817pm3-653x420.jpg 653w\" sizes=\"(max-width: 700px) 100vw, 700px\" \/><\/a> <a href=\"http:\/\/www.portalmantena.com.br\/novo\/wp-content\/uploads\/2017\/08\/no100817pm4.jpg\"><img loading=\"lazy\" class=\"alignnone size-full wp-image-13494\" src=\"http:\/\/www.portalmantena.com.br\/novo\/wp-content\/uploads\/2017\/08\/no100817pm4.jpg\" alt=\"\" width=\"700\" height=\"450\" srcset=\"http:\/\/www.portalmantena.com.br\/novo\/wp-content\/uploads\/2017\/08\/no100817pm4.jpg 700w, http:\/\/www.portalmantena.com.br\/novo\/wp-content\/uploads\/2017\/08\/no100817pm4-300x193.jpg 300w, http:\/\/www.portalmantena.com.br\/novo\/wp-content\/uploads\/2017\/08\/no100817pm4-696x447.jpg 696w, http:\/\/www.portalmantena.com.br\/novo\/wp-content\/uploads\/2017\/08\/no100817pm4-653x420.jpg 653w\" sizes=\"(max-width: 700px) 100vw, 700px\" \/><\/a><\/p>\n","protected":false},"excerpt":{"rendered":"<p>Policiais militares da 159Cia de Mantena, participaram na manh\u00e3 desta quarta-feira dia 09 de agosto, na sede da Oitava Regi\u00e3o da Pol\u00edcia Militar em Governador Valadares, das comemora\u00e7\u00f5es dos 65 anos do Sexto Batalh\u00e3o. Na oportunidade estes miliares entre outros, foram homenageados pelo Comando do Sexto Batalh\u00e3o como destaques operacionais neste ano de 2017.\u00a0 A [&hellip;]<\/p>\n","protected":false},"author":1,"featured_media":13494,"comment_status":"open","ping_status":"open","sticky":false,"template":"","format":"standard","meta":[],"categories":[36,11],"tags":[],"_links":{"self":[{"href":"http:\/\/www.portalmantena.com.br\/novo\/index.php?rest_route=\/wp\/v2\/posts\/13490"}],"collection":[{"href":"http:\/\/www.portalmantena.com.br\/novo\/index.php?rest_route=\/wp\/v2\/posts"}],"about":[{"href":"http:\/\/www.portalmantena.com.br\/novo\/index.php?rest_route=\/wp\/v2\/types\/post"}],"author":[{"embeddable":true,"href":"http:\/\/www.portalmantena.com.br\/novo\/index.php?rest_route=\/wp\/v2\/users\/1"}],"replies":[{"embeddable":true,"href":"http:\/\/www.portalmantena.com.br\/novo\/index.php?rest_route=%2Fwp%2Fv2%2Fcomments&post=13490"}],"version-history":[{"count":1,"href":"http:\/\/www.portalmantena.com.br\/novo\/index.php?rest_route=\/wp\/v2\/posts\/13490\/revisions"}],"predecessor-version":[{"id":13495,"href":"http:\/\/www.portalmantena.com.br\/novo\/index.php?rest_route=\/wp\/v2\/posts\/13490\/revisions\/13495"}],"wp:featuredmedia":[{"embeddable":true,"href":"http:\/\/www.portalmantena.com.br\/novo\/index.php?rest_route=\/wp\/v2\/media\/13494"}],"wp:attachment":[{"href":"http:\/\/www.portalmantena.com.br\/novo\/index.php?rest_route=%2Fwp%2Fv2%2Fmedia&parent=13490"}],"wp:term":[{"taxonomy":"category","embeddable":true,"href":"http:\/\/www.portalmantena.com.br\/novo\/index.php?rest_route=%2Fwp%2Fv2%2Fcategories&post=13490"},{"taxonomy":"post_tag","embeddable":true,"href":"http:\/\/www.portalmantena.com.br\/novo\/index.php?rest_route=%2Fwp%2Fv2%2Ftags&post=13490"}],"curies":[{"name":"wp","href":"https:\/\/api.w.org\/{rel}","templated":true}]}}