{"id":13487,"date":"2017-08-10T10:30:43","date_gmt":"2017-08-10T13:30:43","guid":{"rendered":"http:\/\/www.portalmantena.com.br\/novo\/?p=13487"},"modified":"2017-08-10T10:30:43","modified_gmt":"2017-08-10T13:30:43","slug":"adolescentes-e-jovens-na-celula-da-batista-memorial","status":"publish","type":"post","link":"http:\/\/www.portalmantena.com.br\/novo\/?p=13487","title":{"rendered":"Adolescentes e jovens na C\u00e9lula da Batista Memorial"},"content":{"rendered":"<p><a href=\"http:\/\/www.portalmantena.com.br\/novo\/wp-content\/uploads\/2017\/08\/vi100817celula.jpg\"><img loading=\"lazy\" class=\"alignnone size-full wp-image-13488\" src=\"http:\/\/www.portalmantena.com.br\/novo\/wp-content\/uploads\/2017\/08\/vi100817celula.jpg\" alt=\"\" width=\"700\" height=\"450\" srcset=\"http:\/\/www.portalmantena.com.br\/novo\/wp-content\/uploads\/2017\/08\/vi100817celula.jpg 700w, http:\/\/www.portalmantena.com.br\/novo\/wp-content\/uploads\/2017\/08\/vi100817celula-300x193.jpg 300w, http:\/\/www.portalmantena.com.br\/novo\/wp-content\/uploads\/2017\/08\/vi100817celula-696x447.jpg 696w, http:\/\/www.portalmantena.com.br\/novo\/wp-content\/uploads\/2017\/08\/vi100817celula-653x420.jpg 653w\" sizes=\"(max-width: 700px) 100vw, 700px\" \/><\/a><\/p>\n<p><span style=\"font-size: 14pt;\">Uma galera muito especial, esta \u00e9 a c\u00e9lula formada por jovens e adolescentes da Igreja Batista Memorial em Mantena, aproveitando o tempo para louvar, orar e aprender um pouco mais da palavra de Deus. <\/span><\/p>\n<p><span style=\"font-size: 14pt;\">E como disse o amigo Alessandro Gomes (Amendoim), este n\u00famero s\u00f3 vem aumentando, \u00e9 a renova\u00e7\u00e3o acontecendo, todos devemos procurar algo melhor nesta vida, e n\u00e3o existe nada melhor do que Jesus Cristo em nossa vidas<\/span>.<\/p>\n","protected":false},"excerpt":{"rendered":"<p>Uma galera muito especial, esta \u00e9 a c\u00e9lula formada por jovens e adolescentes da Igreja Batista Memorial em Mantena, aproveitando o tempo para louvar, orar e aprender um pouco mais da palavra de Deus. E como disse o amigo Alessandro Gomes (Amendoim), este n\u00famero s\u00f3 vem aumentando, \u00e9 a renova\u00e7\u00e3o acontecendo, todos devemos procurar algo [&hellip;]<\/p>\n","protected":false},"author":1,"featured_media":13488,"comment_status":"open","ping_status":"open","sticky":false,"template":"","format":"standard","meta":[],"categories":[7,53],"tags":[],"_links":{"self":[{"href":"http:\/\/www.portalmantena.com.br\/novo\/index.php?rest_route=\/wp\/v2\/posts\/13487"}],"collection":[{"href":"http:\/\/www.portalmantena.com.br\/novo\/index.php?rest_route=\/wp\/v2\/posts"}],"about":[{"href":"http:\/\/www.portalmantena.com.br\/novo\/index.php?rest_route=\/wp\/v2\/types\/post"}],"author":[{"embeddable":true,"href":"http:\/\/www.portalmantena.com.br\/novo\/index.php?rest_route=\/wp\/v2\/users\/1"}],"replies":[{"embeddable":true,"href":"http:\/\/www.portalmantena.com.br\/novo\/index.php?rest_route=%2Fwp%2Fv2%2Fcomments&post=13487"}],"version-history":[{"count":1,"href":"http:\/\/www.portalmantena.com.br\/novo\/index.php?rest_route=\/wp\/v2\/posts\/13487\/revisions"}],"predecessor-version":[{"id":13489,"href":"http:\/\/www.portalmantena.com.br\/novo\/index.php?rest_route=\/wp\/v2\/posts\/13487\/revisions\/13489"}],"wp:featuredmedia":[{"embeddable":true,"href":"http:\/\/www.portalmantena.com.br\/novo\/index.php?rest_route=\/wp\/v2\/media\/13488"}],"wp:attachment":[{"href":"http:\/\/www.portalmantena.com.br\/novo\/index.php?rest_route=%2Fwp%2Fv2%2Fmedia&parent=13487"}],"wp:term":[{"taxonomy":"category","embeddable":true,"href":"http:\/\/www.portalmantena.com.br\/novo\/index.php?rest_route=%2Fwp%2Fv2%2Fcategories&post=13487"},{"taxonomy":"post_tag","embeddable":true,"href":"http:\/\/www.portalmantena.com.br\/novo\/index.php?rest_route=%2Fwp%2Fv2%2Ftags&post=13487"}],"curies":[{"name":"wp","href":"https:\/\/api.w.org\/{rel}","templated":true}]}}