{"id":13480,"date":"2017-08-10T10:17:17","date_gmt":"2017-08-10T13:17:17","guid":{"rendered":"http:\/\/www.portalmantena.com.br\/novo\/?p=13480"},"modified":"2017-08-10T10:17:46","modified_gmt":"2017-08-10T13:17:46","slug":"faleceu-walter-rezende-secretario-de-saude-de-central-de-minas","status":"publish","type":"post","link":"http:\/\/www.portalmantena.com.br\/novo\/?p=13480","title":{"rendered":"Faleceu Walter Rezende, secret\u00e1rio de sa\u00fade de Central de Minas"},"content":{"rendered":"<p><a href=\"http:\/\/www.portalmantena.com.br\/novo\/wp-content\/uploads\/2017\/08\/no100817valter.jpg\"><img loading=\"lazy\" class=\"alignnone size-full wp-image-13481\" src=\"http:\/\/www.portalmantena.com.br\/novo\/wp-content\/uploads\/2017\/08\/no100817valter.jpg\" alt=\"\" width=\"700\" height=\"450\" srcset=\"http:\/\/www.portalmantena.com.br\/novo\/wp-content\/uploads\/2017\/08\/no100817valter.jpg 700w, http:\/\/www.portalmantena.com.br\/novo\/wp-content\/uploads\/2017\/08\/no100817valter-300x193.jpg 300w, http:\/\/www.portalmantena.com.br\/novo\/wp-content\/uploads\/2017\/08\/no100817valter-696x447.jpg 696w, http:\/\/www.portalmantena.com.br\/novo\/wp-content\/uploads\/2017\/08\/no100817valter-653x420.jpg 653w\" sizes=\"(max-width: 700px) 100vw, 700px\" \/><\/a><\/p>\n<p><span style=\"font-size: 14pt;\">Faleceu nesta quarta-feira dia 09 de agosto o centralense Walter Rezende conhecido como: &#8221; Waltinho&#8221;. Walter Rezende estava ocupando a pasta de secret\u00e1rio de sa\u00fade do munic\u00edpio de Central de Minas. <\/span><\/p>\n<p><span style=\"font-size: 14pt;\">Ele estava licenciado para tratamento de sa\u00fade que resultou em uma delicada cirurgia e veio falecer na data desta quarta-feira. Walter era muito conhecido na regi\u00e3o, comerciante no seguimento de revenda de motos, e possu\u00eda tamb\u00e9m um supermercados na Rua Bom Jesus. <\/span><\/p>\n<p><span style=\"font-size: 14pt;\">Walter era coordenador da comunidade na par\u00f3quia de S\u00e3o Geraldo de Central, e participava na coordena\u00e7\u00e3o do grupo da &#8220;Renova\u00e7\u00e3o Carism\u00e1tica Cat\u00f3lica&#8221;.\u00a0<\/span><\/p>\n<p><span style=\"font-size: 14pt;\">A comunidade centralense est\u00e1 consternada e de luto com o falecimento desse grande homem que sempre esteve colaborando para o crescimento da cidade.\u00a0O corpo foi velado na Igreja cat\u00f3lica de Central de Minas, o sepultamento acontece nesta quinta-feira as 10 horas da manh\u00e3, no cemit\u00e9rio da cidade. <\/span><\/p>\n<p><span style=\"font-size: 14pt;\">Walter era muito conhecido em Mantena e amigo dos pilotos do Tracman (Trail Clube de Mantena), por v\u00e1rias vezes participou dos enduros e eventos realizados na cidade e regi\u00e3o. (foto:redesocial\/seguidores).<\/span><\/p>\n","protected":false},"excerpt":{"rendered":"<p>Faleceu nesta quarta-feira dia 09 de agosto o centralense Walter Rezende conhecido como: &#8221; Waltinho&#8221;. Walter Rezende estava ocupando a pasta de secret\u00e1rio de sa\u00fade do munic\u00edpio de Central de Minas. Ele estava licenciado para tratamento de sa\u00fade que resultou em uma delicada cirurgia e veio falecer na data desta quarta-feira. Walter era muito conhecido [&hellip;]<\/p>\n","protected":false},"author":1,"featured_media":13481,"comment_status":"open","ping_status":"open","sticky":false,"template":"","format":"standard","meta":[],"categories":[11,39],"tags":[],"_links":{"self":[{"href":"http:\/\/www.portalmantena.com.br\/novo\/index.php?rest_route=\/wp\/v2\/posts\/13480"}],"collection":[{"href":"http:\/\/www.portalmantena.com.br\/novo\/index.php?rest_route=\/wp\/v2\/posts"}],"about":[{"href":"http:\/\/www.portalmantena.com.br\/novo\/index.php?rest_route=\/wp\/v2\/types\/post"}],"author":[{"embeddable":true,"href":"http:\/\/www.portalmantena.com.br\/novo\/index.php?rest_route=\/wp\/v2\/users\/1"}],"replies":[{"embeddable":true,"href":"http:\/\/www.portalmantena.com.br\/novo\/index.php?rest_route=%2Fwp%2Fv2%2Fcomments&post=13480"}],"version-history":[{"count":2,"href":"http:\/\/www.portalmantena.com.br\/novo\/index.php?rest_route=\/wp\/v2\/posts\/13480\/revisions"}],"predecessor-version":[{"id":13483,"href":"http:\/\/www.portalmantena.com.br\/novo\/index.php?rest_route=\/wp\/v2\/posts\/13480\/revisions\/13483"}],"wp:featuredmedia":[{"embeddable":true,"href":"http:\/\/www.portalmantena.com.br\/novo\/index.php?rest_route=\/wp\/v2\/media\/13481"}],"wp:attachment":[{"href":"http:\/\/www.portalmantena.com.br\/novo\/index.php?rest_route=%2Fwp%2Fv2%2Fmedia&parent=13480"}],"wp:term":[{"taxonomy":"category","embeddable":true,"href":"http:\/\/www.portalmantena.com.br\/novo\/index.php?rest_route=%2Fwp%2Fv2%2Fcategories&post=13480"},{"taxonomy":"post_tag","embeddable":true,"href":"http:\/\/www.portalmantena.com.br\/novo\/index.php?rest_route=%2Fwp%2Fv2%2Ftags&post=13480"}],"curies":[{"name":"wp","href":"https:\/\/api.w.org\/{rel}","templated":true}]}}