{"id":13469,"date":"2017-08-10T09:14:36","date_gmt":"2017-08-10T12:14:36","guid":{"rendered":"http:\/\/www.portalmantena.com.br\/novo\/?p=13469"},"modified":"2017-08-10T09:18:22","modified_gmt":"2017-08-10T12:18:22","slug":"nova-sinalizacao-no-transito-em-mantena-melhorando-a-vida-dos-motoristas","status":"publish","type":"post","link":"http:\/\/www.portalmantena.com.br\/novo\/?p=13469","title":{"rendered":"Nova sinaliza\u00e7\u00e3o no tr\u00e2nsito em Mantena melhorando a vida dos motoristas"},"content":{"rendered":"<p><a href=\"http:\/\/www.portalmantena.com.br\/novo\/wp-content\/uploads\/2017\/08\/no100817faixa.jpg\"><img loading=\"lazy\" class=\"alignnone size-full wp-image-13470\" src=\"http:\/\/www.portalmantena.com.br\/novo\/wp-content\/uploads\/2017\/08\/no100817faixa.jpg\" alt=\"\" width=\"700\" height=\"450\" srcset=\"http:\/\/www.portalmantena.com.br\/novo\/wp-content\/uploads\/2017\/08\/no100817faixa.jpg 700w, http:\/\/www.portalmantena.com.br\/novo\/wp-content\/uploads\/2017\/08\/no100817faixa-300x193.jpg 300w, http:\/\/www.portalmantena.com.br\/novo\/wp-content\/uploads\/2017\/08\/no100817faixa-696x447.jpg 696w, http:\/\/www.portalmantena.com.br\/novo\/wp-content\/uploads\/2017\/08\/no100817faixa-653x420.jpg 653w\" sizes=\"(max-width: 700px) 100vw, 700px\" \/><\/a><\/p>\n<p><span style=\"font-size: 14pt;\">O projeto de organiza\u00e7\u00e3o do tr\u00e2nsito em Mantena n\u00e3o parou, a cidade al\u00e9m de ganhar mais mobilidade, com a proibi\u00e7\u00e3o do estacionamento de ve\u00edculos em locais que no passado provocavam congestionamentos, a pol\u00edtica de melhorias continua, principalmente com a sequencia da sinaliza\u00e7\u00e3o horizontal. <\/span><\/p>\n<p><span style=\"font-size: 14pt;\">Bom lembrar e tamb\u00e9m parabenizar a atual administra\u00e7\u00e3o municipal pelo que j\u00e1 foi feito, inclusive com a revitaliza\u00e7\u00e3o da sinaliza\u00e7\u00e3o vertical com a instala\u00e7\u00e3o das novas placas. <\/span><\/p>\n<p><span style=\"font-size: 14pt;\">O trabalho segue sendo realizado pela secretaria de transporte e tr\u00e2nsito e desta feita o centro em Mantena vem sendo mapeado e recebendo a implanta\u00e7\u00e3o de outra sinaliza\u00e7\u00e3o horizontal importante, que \u00e9 a delimita\u00e7\u00e3o do local para estacionamento de motos e carros. <\/span><\/p>\n<p><span style=\"font-size: 14pt;\">At\u00e9 ent\u00e3o, um dos s\u00e9rios problemas enfrentados por quem pretende estacionar seu ve\u00edculo na \u00e1rea central da cidade, \u00e9 encontrar espa\u00e7o.<\/span><\/p>\n<p><span style=\"font-size: 14pt;\"> Quando encontra, o local est\u00e1 sendo mal utilizado por motociclistas e at\u00e9 mesmo motorista, que estacionam seus ve\u00edculos de qualquer maneira, impossibilitando que outros ve\u00edculos tamb\u00e9m utilizem o espa\u00e7o. <\/span><\/p>\n<p><span style=\"font-size: 14pt;\">Com a pintura que est\u00e1 sendo feita no piso asf\u00e1ltico, os locais agora ficam mapeados, mostrando aos condutores os locais onde devem estacionar, permitindo assim um melhor aproveitamento dos espa\u00e7os. Esta demarca\u00e7\u00e3o iniciou na pra\u00e7a da B\u00edblia em frente a casa lot\u00e9rica, chegou tamb\u00e9m \u00e0 rua do correio e esta semana na rua Presidente Tancredo Neves.<\/span><\/p>\n<p><span style=\"font-size: 14pt;\">Agora \u00e9 contar com o bom senso dos motoristas e motociclistas para utiliza\u00e7\u00e3o adequada dos espa\u00e7os, respeitando assim a sinaliza\u00e7\u00e3o que veio para facilitar a vida dos que cotidianamente transitam principalmente pela \u00e1rea central da cidade.<\/span><\/p>\n<p><a href=\"http:\/\/www.portalmantena.com.br\/novo\/wp-content\/uploads\/2017\/08\/no100817faixa2.jpg\"><img loading=\"lazy\" class=\"alignnone size-full wp-image-13471\" src=\"http:\/\/www.portalmantena.com.br\/novo\/wp-content\/uploads\/2017\/08\/no100817faixa2.jpg\" alt=\"\" width=\"700\" height=\"450\" srcset=\"http:\/\/www.portalmantena.com.br\/novo\/wp-content\/uploads\/2017\/08\/no100817faixa2.jpg 700w, http:\/\/www.portalmantena.com.br\/novo\/wp-content\/uploads\/2017\/08\/no100817faixa2-300x193.jpg 300w, http:\/\/www.portalmantena.com.br\/novo\/wp-content\/uploads\/2017\/08\/no100817faixa2-696x447.jpg 696w, http:\/\/www.portalmantena.com.br\/novo\/wp-content\/uploads\/2017\/08\/no100817faixa2-653x420.jpg 653w\" sizes=\"(max-width: 700px) 100vw, 700px\" \/><\/a> <a href=\"http:\/\/www.portalmantena.com.br\/novo\/wp-content\/uploads\/2017\/08\/no100817faixa3.jpg\"><img loading=\"lazy\" class=\"alignnone size-full wp-image-13472\" src=\"http:\/\/www.portalmantena.com.br\/novo\/wp-content\/uploads\/2017\/08\/no100817faixa3.jpg\" alt=\"\" width=\"700\" height=\"450\" srcset=\"http:\/\/www.portalmantena.com.br\/novo\/wp-content\/uploads\/2017\/08\/no100817faixa3.jpg 700w, http:\/\/www.portalmantena.com.br\/novo\/wp-content\/uploads\/2017\/08\/no100817faixa3-300x193.jpg 300w, http:\/\/www.portalmantena.com.br\/novo\/wp-content\/uploads\/2017\/08\/no100817faixa3-696x447.jpg 696w, http:\/\/www.portalmantena.com.br\/novo\/wp-content\/uploads\/2017\/08\/no100817faixa3-653x420.jpg 653w\" sizes=\"(max-width: 700px) 100vw, 700px\" \/><\/a> <a href=\"http:\/\/www.portalmantena.com.br\/novo\/wp-content\/uploads\/2017\/08\/no100817faixa4.jpg\"><img loading=\"lazy\" class=\"alignnone size-full wp-image-13473\" src=\"http:\/\/www.portalmantena.com.br\/novo\/wp-content\/uploads\/2017\/08\/no100817faixa4.jpg\" alt=\"\" width=\"700\" height=\"450\" srcset=\"http:\/\/www.portalmantena.com.br\/novo\/wp-content\/uploads\/2017\/08\/no100817faixa4.jpg 700w, http:\/\/www.portalmantena.com.br\/novo\/wp-content\/uploads\/2017\/08\/no100817faixa4-300x193.jpg 300w, http:\/\/www.portalmantena.com.br\/novo\/wp-content\/uploads\/2017\/08\/no100817faixa4-696x447.jpg 696w, http:\/\/www.portalmantena.com.br\/novo\/wp-content\/uploads\/2017\/08\/no100817faixa4-653x420.jpg 653w\" sizes=\"(max-width: 700px) 100vw, 700px\" \/><\/a><\/p>\n","protected":false},"excerpt":{"rendered":"<p>O projeto de organiza\u00e7\u00e3o do tr\u00e2nsito em Mantena n\u00e3o parou, a cidade al\u00e9m de ganhar mais mobilidade, com a proibi\u00e7\u00e3o do estacionamento de ve\u00edculos em locais que no passado provocavam congestionamentos, a pol\u00edtica de melhorias continua, principalmente com a sequencia da sinaliza\u00e7\u00e3o horizontal. Bom lembrar e tamb\u00e9m parabenizar a atual administra\u00e7\u00e3o municipal pelo que j\u00e1 [&hellip;]<\/p>\n","protected":false},"author":1,"featured_media":13473,"comment_status":"open","ping_status":"open","sticky":false,"template":"","format":"standard","meta":[],"categories":[36,11],"tags":[],"_links":{"self":[{"href":"http:\/\/www.portalmantena.com.br\/novo\/index.php?rest_route=\/wp\/v2\/posts\/13469"}],"collection":[{"href":"http:\/\/www.portalmantena.com.br\/novo\/index.php?rest_route=\/wp\/v2\/posts"}],"about":[{"href":"http:\/\/www.portalmantena.com.br\/novo\/index.php?rest_route=\/wp\/v2\/types\/post"}],"author":[{"embeddable":true,"href":"http:\/\/www.portalmantena.com.br\/novo\/index.php?rest_route=\/wp\/v2\/users\/1"}],"replies":[{"embeddable":true,"href":"http:\/\/www.portalmantena.com.br\/novo\/index.php?rest_route=%2Fwp%2Fv2%2Fcomments&post=13469"}],"version-history":[{"count":3,"href":"http:\/\/www.portalmantena.com.br\/novo\/index.php?rest_route=\/wp\/v2\/posts\/13469\/revisions"}],"predecessor-version":[{"id":13476,"href":"http:\/\/www.portalmantena.com.br\/novo\/index.php?rest_route=\/wp\/v2\/posts\/13469\/revisions\/13476"}],"wp:featuredmedia":[{"embeddable":true,"href":"http:\/\/www.portalmantena.com.br\/novo\/index.php?rest_route=\/wp\/v2\/media\/13473"}],"wp:attachment":[{"href":"http:\/\/www.portalmantena.com.br\/novo\/index.php?rest_route=%2Fwp%2Fv2%2Fmedia&parent=13469"}],"wp:term":[{"taxonomy":"category","embeddable":true,"href":"http:\/\/www.portalmantena.com.br\/novo\/index.php?rest_route=%2Fwp%2Fv2%2Fcategories&post=13469"},{"taxonomy":"post_tag","embeddable":true,"href":"http:\/\/www.portalmantena.com.br\/novo\/index.php?rest_route=%2Fwp%2Fv2%2Ftags&post=13469"}],"curies":[{"name":"wp","href":"https:\/\/api.w.org\/{rel}","templated":true}]}}