{"id":13463,"date":"2017-08-10T08:40:05","date_gmt":"2017-08-10T11:40:05","guid":{"rendered":"http:\/\/www.portalmantena.com.br\/novo\/?p=13463"},"modified":"2017-08-10T08:41:07","modified_gmt":"2017-08-10T11:41:07","slug":"menor-temperatura-do-ano-em-mantena-foi-nesta-quarta-feira-12-graus","status":"publish","type":"post","link":"http:\/\/www.portalmantena.com.br\/novo\/?p=13463","title":{"rendered":"Menor temperatura do ano na cidade foi registrada nesta quarta-feira"},"content":{"rendered":"<p><a href=\"http:\/\/www.portalmantena.com.br\/novo\/wp-content\/uploads\/2017\/08\/no100817frio1.jpg\"><img loading=\"lazy\" class=\"alignnone size-full wp-image-13465\" src=\"http:\/\/www.portalmantena.com.br\/novo\/wp-content\/uploads\/2017\/08\/no100817frio1.jpg\" alt=\"\" width=\"700\" height=\"450\" srcset=\"http:\/\/www.portalmantena.com.br\/novo\/wp-content\/uploads\/2017\/08\/no100817frio1.jpg 700w, http:\/\/www.portalmantena.com.br\/novo\/wp-content\/uploads\/2017\/08\/no100817frio1-300x193.jpg 300w, http:\/\/www.portalmantena.com.br\/novo\/wp-content\/uploads\/2017\/08\/no100817frio1-696x447.jpg 696w, http:\/\/www.portalmantena.com.br\/novo\/wp-content\/uploads\/2017\/08\/no100817frio1-653x420.jpg 653w\" sizes=\"(max-width: 700px) 100vw, 700px\" \/><\/a><\/p>\n<p><span style=\"font-size: 14pt;\">O m\u00eas de agosto n\u00e3o iniciou t\u00e3o chuvoso como foi o m\u00eas de julho em Mantena, onde sobre a cidade foram registrados \u00edndices pluviom\u00e9tricos que h\u00e1 muito tempo n\u00e3o se via, totalizando quase 60 mil\u00edmetros. <\/span><\/p>\n<p><span style=\"font-size: 14pt;\">No entanto, o frio tem sido uma constante na vida do mantenense neste inverno rigoroso, ali\u00e1s, h\u00e1 muitos anos atr\u00e1s n\u00e3o se sentia tanto frio na cidade e regi\u00e3o. At\u00e9 o momento, os registros da esta\u00e7\u00e3o meteorol\u00f3gica instalada na ETA\/SAAE, havia registrado a m\u00ednima de 13.1 graus na madrugada do \u00faltimo dia 03 de Julho, sendo a menor temperatura registrada este ano em Mantena. <\/span><\/p>\n<p><span style=\"font-size: 14pt;\">No entanto, o m\u00eas de agosto chegou tamb\u00e9m com as mudan\u00e7as clim\u00e1ticas, e a menor temperatura registrada este ano em Mantena, caiu novamente, chegou a 12.6 graus na madrugada desta quarta-feira dia 09 de agosto. <\/span><\/p>\n<p><span style=\"font-size: 14pt;\">O resultado deste inverno rigoroso s\u00e3o as mudan\u00e7as encaradas pelos mantenenses que tiveram que retirar as blusas de frio do arm\u00e1rio ou at\u00e9 mesmo investir em roupas apropriadas para encarar um inverno que vem realmente mudando as paisagens ao redor da cidade e regi\u00e3o, principalmente no cotidiano do mantenense acostumado com altas temperaturas.\u00a0<\/span><\/p>\n<p><a href=\"http:\/\/www.portalmantena.com.br\/novo\/wp-content\/uploads\/2017\/08\/no100817frio2.jpg\"><img loading=\"lazy\" class=\"alignnone size-full wp-image-13466\" src=\"http:\/\/www.portalmantena.com.br\/novo\/wp-content\/uploads\/2017\/08\/no100817frio2.jpg\" alt=\"\" width=\"700\" height=\"450\" srcset=\"http:\/\/www.portalmantena.com.br\/novo\/wp-content\/uploads\/2017\/08\/no100817frio2.jpg 700w, http:\/\/www.portalmantena.com.br\/novo\/wp-content\/uploads\/2017\/08\/no100817frio2-300x193.jpg 300w, http:\/\/www.portalmantena.com.br\/novo\/wp-content\/uploads\/2017\/08\/no100817frio2-696x447.jpg 696w, http:\/\/www.portalmantena.com.br\/novo\/wp-content\/uploads\/2017\/08\/no100817frio2-653x420.jpg 653w\" sizes=\"(max-width: 700px) 100vw, 700px\" \/><\/a><\/p>\n","protected":false},"excerpt":{"rendered":"<p>O m\u00eas de agosto n\u00e3o iniciou t\u00e3o chuvoso como foi o m\u00eas de julho em Mantena, onde sobre a cidade foram registrados \u00edndices pluviom\u00e9tricos que h\u00e1 muito tempo n\u00e3o se via, totalizando quase 60 mil\u00edmetros. No entanto, o frio tem sido uma constante na vida do mantenense neste inverno rigoroso, ali\u00e1s, h\u00e1 muitos anos atr\u00e1s [&hellip;]<\/p>\n","protected":false},"author":1,"featured_media":13466,"comment_status":"open","ping_status":"open","sticky":false,"template":"","format":"standard","meta":[],"categories":[36,12],"tags":[],"_links":{"self":[{"href":"http:\/\/www.portalmantena.com.br\/novo\/index.php?rest_route=\/wp\/v2\/posts\/13463"}],"collection":[{"href":"http:\/\/www.portalmantena.com.br\/novo\/index.php?rest_route=\/wp\/v2\/posts"}],"about":[{"href":"http:\/\/www.portalmantena.com.br\/novo\/index.php?rest_route=\/wp\/v2\/types\/post"}],"author":[{"embeddable":true,"href":"http:\/\/www.portalmantena.com.br\/novo\/index.php?rest_route=\/wp\/v2\/users\/1"}],"replies":[{"embeddable":true,"href":"http:\/\/www.portalmantena.com.br\/novo\/index.php?rest_route=%2Fwp%2Fv2%2Fcomments&post=13463"}],"version-history":[{"count":2,"href":"http:\/\/www.portalmantena.com.br\/novo\/index.php?rest_route=\/wp\/v2\/posts\/13463\/revisions"}],"predecessor-version":[{"id":13468,"href":"http:\/\/www.portalmantena.com.br\/novo\/index.php?rest_route=\/wp\/v2\/posts\/13463\/revisions\/13468"}],"wp:featuredmedia":[{"embeddable":true,"href":"http:\/\/www.portalmantena.com.br\/novo\/index.php?rest_route=\/wp\/v2\/media\/13466"}],"wp:attachment":[{"href":"http:\/\/www.portalmantena.com.br\/novo\/index.php?rest_route=%2Fwp%2Fv2%2Fmedia&parent=13463"}],"wp:term":[{"taxonomy":"category","embeddable":true,"href":"http:\/\/www.portalmantena.com.br\/novo\/index.php?rest_route=%2Fwp%2Fv2%2Fcategories&post=13463"},{"taxonomy":"post_tag","embeddable":true,"href":"http:\/\/www.portalmantena.com.br\/novo\/index.php?rest_route=%2Fwp%2Fv2%2Ftags&post=13463"}],"curies":[{"name":"wp","href":"https:\/\/api.w.org\/{rel}","templated":true}]}}