{"id":13453,"date":"2017-08-09T16:46:59","date_gmt":"2017-08-09T19:46:59","guid":{"rendered":"http:\/\/www.portalmantena.com.br\/novo\/?p=13453"},"modified":"2017-08-09T16:46:59","modified_gmt":"2017-08-09T19:46:59","slug":"divulgado-edital-para-eleicao-da-nova-diretoria-do-clube-dos-jovens","status":"publish","type":"post","link":"http:\/\/www.portalmantena.com.br\/novo\/?p=13453","title":{"rendered":"Divulgado edital para elei\u00e7\u00e3o da nova diretoria do Clube dos Jovens"},"content":{"rendered":"<p><a href=\"http:\/\/www.portalmantena.com.br\/novo\/wp-content\/uploads\/2017\/08\/no090817clube1.jpg\"><img loading=\"lazy\" class=\"alignnone size-full wp-image-13454\" src=\"http:\/\/www.portalmantena.com.br\/novo\/wp-content\/uploads\/2017\/08\/no090817clube1.jpg\" alt=\"\" width=\"700\" height=\"450\" srcset=\"http:\/\/www.portalmantena.com.br\/novo\/wp-content\/uploads\/2017\/08\/no090817clube1.jpg 700w, http:\/\/www.portalmantena.com.br\/novo\/wp-content\/uploads\/2017\/08\/no090817clube1-300x193.jpg 300w, http:\/\/www.portalmantena.com.br\/novo\/wp-content\/uploads\/2017\/08\/no090817clube1-696x447.jpg 696w, http:\/\/www.portalmantena.com.br\/novo\/wp-content\/uploads\/2017\/08\/no090817clube1-653x420.jpg 653w\" sizes=\"(max-width: 700px) 100vw, 700px\" \/><\/a><\/p>\n<p><span style=\"font-size: 14pt;\">Clube dos Jovens de Mantena divulga edital de Elei\u00e7\u00e3o para o pr\u00f3ximo pleito, 2017 a 2017. <\/span><\/p>\n<p><span style=\"font-size: 14pt;\">O conselho deliberativo do Clube dos Jovens de Mantena no uso de suas atribui\u00e7\u00f5es, faz saber, que ser\u00e1 realizada no pr\u00f3ximo dia 10 de Setembro de 2017, em sua sede campestre, situada \u00e0 pra\u00e7a Vereador Jos\u00e9 Santiago Sena, 319, em Mantena, as elei\u00e7\u00f5es para a forma\u00e7\u00e3o da nova diretoria para o bi\u00eanio 2017 a 2019. <\/span><\/p>\n<p><span style=\"font-size: 14pt;\">A assembleia geral ter\u00e1 in\u00edcio \u00e0s 9 horas e o encerramento \u00e0s 16 horas, ficando desde j\u00e1 convocados todos os associados para votarem. As chapas que pretendem concorrer ao posto da diretoria deve apresentar sua chapa at\u00e9 o dia 06 de setembro \u00e0s 17 horas, sendo o prazo final fixado. <\/span><\/p>\n<p><span style=\"font-size: 14pt;\">Chapas que dever\u00e3o ser registradas na secretaria do clube. <\/span><\/p>\n<p><span style=\"font-size: 14pt;\">Outros detalhes do edital de elei\u00e7\u00e3o podem ser observados abaixo.<\/span><\/p>\n<p><a href=\"http:\/\/www.portalmantena.com.br\/novo\/wp-content\/uploads\/2017\/08\/no090817clube2.jpg\"><img loading=\"lazy\" class=\"alignnone size-full wp-image-13455\" src=\"http:\/\/www.portalmantena.com.br\/novo\/wp-content\/uploads\/2017\/08\/no090817clube2.jpg\" alt=\"\" width=\"700\" height=\"900\" srcset=\"http:\/\/www.portalmantena.com.br\/novo\/wp-content\/uploads\/2017\/08\/no090817clube2.jpg 700w, http:\/\/www.portalmantena.com.br\/novo\/wp-content\/uploads\/2017\/08\/no090817clube2-233x300.jpg 233w, http:\/\/www.portalmantena.com.br\/novo\/wp-content\/uploads\/2017\/08\/no090817clube2-696x895.jpg 696w, http:\/\/www.portalmantena.com.br\/novo\/wp-content\/uploads\/2017\/08\/no090817clube2-327x420.jpg 327w\" sizes=\"(max-width: 700px) 100vw, 700px\" \/><\/a> <a href=\"http:\/\/www.portalmantena.com.br\/novo\/wp-content\/uploads\/2017\/08\/no090817clube3.jpg\"><img loading=\"lazy\" class=\"alignnone size-full wp-image-13456\" src=\"http:\/\/www.portalmantena.com.br\/novo\/wp-content\/uploads\/2017\/08\/no090817clube3.jpg\" alt=\"\" width=\"700\" height=\"900\" srcset=\"http:\/\/www.portalmantena.com.br\/novo\/wp-content\/uploads\/2017\/08\/no090817clube3.jpg 700w, http:\/\/www.portalmantena.com.br\/novo\/wp-content\/uploads\/2017\/08\/no090817clube3-233x300.jpg 233w, http:\/\/www.portalmantena.com.br\/novo\/wp-content\/uploads\/2017\/08\/no090817clube3-696x895.jpg 696w, http:\/\/www.portalmantena.com.br\/novo\/wp-content\/uploads\/2017\/08\/no090817clube3-327x420.jpg 327w\" sizes=\"(max-width: 700px) 100vw, 700px\" \/><\/a><\/p>\n","protected":false},"excerpt":{"rendered":"<p>Clube dos Jovens de Mantena divulga edital de Elei\u00e7\u00e3o para o pr\u00f3ximo pleito, 2017 a 2017. O conselho deliberativo do Clube dos Jovens de Mantena no uso de suas atribui\u00e7\u00f5es, faz saber, que ser\u00e1 realizada no pr\u00f3ximo dia 10 de Setembro de 2017, em sua sede campestre, situada \u00e0 pra\u00e7a Vereador Jos\u00e9 Santiago Sena, 319, [&hellip;]<\/p>\n","protected":false},"author":1,"featured_media":13454,"comment_status":"open","ping_status":"open","sticky":false,"template":"","format":"standard","meta":[],"categories":[36,11],"tags":[],"_links":{"self":[{"href":"http:\/\/www.portalmantena.com.br\/novo\/index.php?rest_route=\/wp\/v2\/posts\/13453"}],"collection":[{"href":"http:\/\/www.portalmantena.com.br\/novo\/index.php?rest_route=\/wp\/v2\/posts"}],"about":[{"href":"http:\/\/www.portalmantena.com.br\/novo\/index.php?rest_route=\/wp\/v2\/types\/post"}],"author":[{"embeddable":true,"href":"http:\/\/www.portalmantena.com.br\/novo\/index.php?rest_route=\/wp\/v2\/users\/1"}],"replies":[{"embeddable":true,"href":"http:\/\/www.portalmantena.com.br\/novo\/index.php?rest_route=%2Fwp%2Fv2%2Fcomments&post=13453"}],"version-history":[{"count":1,"href":"http:\/\/www.portalmantena.com.br\/novo\/index.php?rest_route=\/wp\/v2\/posts\/13453\/revisions"}],"predecessor-version":[{"id":13457,"href":"http:\/\/www.portalmantena.com.br\/novo\/index.php?rest_route=\/wp\/v2\/posts\/13453\/revisions\/13457"}],"wp:featuredmedia":[{"embeddable":true,"href":"http:\/\/www.portalmantena.com.br\/novo\/index.php?rest_route=\/wp\/v2\/media\/13454"}],"wp:attachment":[{"href":"http:\/\/www.portalmantena.com.br\/novo\/index.php?rest_route=%2Fwp%2Fv2%2Fmedia&parent=13453"}],"wp:term":[{"taxonomy":"category","embeddable":true,"href":"http:\/\/www.portalmantena.com.br\/novo\/index.php?rest_route=%2Fwp%2Fv2%2Fcategories&post=13453"},{"taxonomy":"post_tag","embeddable":true,"href":"http:\/\/www.portalmantena.com.br\/novo\/index.php?rest_route=%2Fwp%2Fv2%2Ftags&post=13453"}],"curies":[{"name":"wp","href":"https:\/\/api.w.org\/{rel}","templated":true}]}}