{"id":13444,"date":"2017-08-10T18:12:47","date_gmt":"2017-08-10T21:12:47","guid":{"rendered":"http:\/\/www.portalmantena.com.br\/novo\/?p=13444"},"modified":"2017-08-09T14:20:03","modified_gmt":"2017-08-09T17:20:03","slug":"denuncia-faz-pm-encontrar-inicio-de-plantacao-de-maconha-em-mantenopolis","status":"publish","type":"post","link":"http:\/\/www.portalmantena.com.br\/novo\/?p=13444","title":{"rendered":"Den\u00fancia faz PM encontrar in\u00edcio de planta\u00e7\u00e3o de Maconha em Manten\u00f3polis"},"content":{"rendered":"<p><a href=\"http:\/\/www.portalmantena.com.br\/novo\/wp-content\/uploads\/2017\/08\/no090817maconha1.jpg\"><img loading=\"lazy\" class=\"alignnone size-full wp-image-13445\" src=\"http:\/\/www.portalmantena.com.br\/novo\/wp-content\/uploads\/2017\/08\/no090817maconha1.jpg\" alt=\"\" width=\"700\" height=\"450\" srcset=\"http:\/\/www.portalmantena.com.br\/novo\/wp-content\/uploads\/2017\/08\/no090817maconha1.jpg 700w, http:\/\/www.portalmantena.com.br\/novo\/wp-content\/uploads\/2017\/08\/no090817maconha1-300x193.jpg 300w, http:\/\/www.portalmantena.com.br\/novo\/wp-content\/uploads\/2017\/08\/no090817maconha1-696x447.jpg 696w, http:\/\/www.portalmantena.com.br\/novo\/wp-content\/uploads\/2017\/08\/no090817maconha1-653x420.jpg 653w\" sizes=\"(max-width: 700px) 100vw, 700px\" \/><\/a><\/p>\n<p><span style=\"font-size: 14pt;\">Na manh\u00e3 da \u00faltima segunda-feira, 07 de agosto, por volta das 8h, uma equipe de policiais militares, composta pelos Sub Tenente Sim\u00f5es, Sargento Jos\u00e9 Carlos e cabo Elelrson, lotados no DPM da cidade de Manten\u00f3polis, receberam uma informa\u00e7\u00e3o que havia uma planta\u00e7\u00e3o de maconha em uma propriedade rural da regi\u00e3o. <\/span><\/p>\n<p><span style=\"font-size: 14pt;\">Os militares se deslocaram at\u00e9 o local informado e ap\u00f3s uma procura minuciosa, encontraram parte da planta\u00e7\u00e3o, que, inclusive, tinha sido regada naquele momento. No entanto, quem as cultivava, ao perceber a presen\u00e7a da PM, evadiu-se do local.<\/span><\/p>\n<p><span style=\"font-size: 14pt;\"> O material foi recolhido e encaminhado para a delegacia de Manten\u00f3polis para futuras investiga\u00e7\u00f5es. (fonte\/foto:sentinelacapixaba)<\/span><\/p>\n<p><a href=\"http:\/\/www.portalmantena.com.br\/novo\/wp-content\/uploads\/2017\/08\/no090817maconha2.jpg\"><img loading=\"lazy\" class=\"alignnone size-full wp-image-13446\" src=\"http:\/\/www.portalmantena.com.br\/novo\/wp-content\/uploads\/2017\/08\/no090817maconha2.jpg\" alt=\"\" width=\"700\" height=\"450\" srcset=\"http:\/\/www.portalmantena.com.br\/novo\/wp-content\/uploads\/2017\/08\/no090817maconha2.jpg 700w, http:\/\/www.portalmantena.com.br\/novo\/wp-content\/uploads\/2017\/08\/no090817maconha2-300x193.jpg 300w, http:\/\/www.portalmantena.com.br\/novo\/wp-content\/uploads\/2017\/08\/no090817maconha2-696x447.jpg 696w, http:\/\/www.portalmantena.com.br\/novo\/wp-content\/uploads\/2017\/08\/no090817maconha2-653x420.jpg 653w\" sizes=\"(max-width: 700px) 100vw, 700px\" \/><\/a><\/p>\n","protected":false},"excerpt":{"rendered":"<p>Na manh\u00e3 da \u00faltima segunda-feira, 07 de agosto, por volta das 8h, uma equipe de policiais militares, composta pelos Sub Tenente Sim\u00f5es, Sargento Jos\u00e9 Carlos e cabo Elelrson, lotados no DPM da cidade de Manten\u00f3polis, receberam uma informa\u00e7\u00e3o que havia uma planta\u00e7\u00e3o de maconha em uma propriedade rural da regi\u00e3o. Os militares se deslocaram at\u00e9 [&hellip;]<\/p>\n","protected":false},"author":1,"featured_media":13445,"comment_status":"open","ping_status":"open","sticky":false,"template":"","format":"standard","meta":[],"categories":[11,34],"tags":[],"_links":{"self":[{"href":"http:\/\/www.portalmantena.com.br\/novo\/index.php?rest_route=\/wp\/v2\/posts\/13444"}],"collection":[{"href":"http:\/\/www.portalmantena.com.br\/novo\/index.php?rest_route=\/wp\/v2\/posts"}],"about":[{"href":"http:\/\/www.portalmantena.com.br\/novo\/index.php?rest_route=\/wp\/v2\/types\/post"}],"author":[{"embeddable":true,"href":"http:\/\/www.portalmantena.com.br\/novo\/index.php?rest_route=\/wp\/v2\/users\/1"}],"replies":[{"embeddable":true,"href":"http:\/\/www.portalmantena.com.br\/novo\/index.php?rest_route=%2Fwp%2Fv2%2Fcomments&post=13444"}],"version-history":[{"count":1,"href":"http:\/\/www.portalmantena.com.br\/novo\/index.php?rest_route=\/wp\/v2\/posts\/13444\/revisions"}],"predecessor-version":[{"id":13447,"href":"http:\/\/www.portalmantena.com.br\/novo\/index.php?rest_route=\/wp\/v2\/posts\/13444\/revisions\/13447"}],"wp:featuredmedia":[{"embeddable":true,"href":"http:\/\/www.portalmantena.com.br\/novo\/index.php?rest_route=\/wp\/v2\/media\/13445"}],"wp:attachment":[{"href":"http:\/\/www.portalmantena.com.br\/novo\/index.php?rest_route=%2Fwp%2Fv2%2Fmedia&parent=13444"}],"wp:term":[{"taxonomy":"category","embeddable":true,"href":"http:\/\/www.portalmantena.com.br\/novo\/index.php?rest_route=%2Fwp%2Fv2%2Fcategories&post=13444"},{"taxonomy":"post_tag","embeddable":true,"href":"http:\/\/www.portalmantena.com.br\/novo\/index.php?rest_route=%2Fwp%2Fv2%2Ftags&post=13444"}],"curies":[{"name":"wp","href":"https:\/\/api.w.org\/{rel}","templated":true}]}}