{"id":13434,"date":"2017-08-09T20:46:11","date_gmt":"2017-08-09T23:46:11","guid":{"rendered":"http:\/\/www.portalmantena.com.br\/novo\/?p=13434"},"modified":"2017-08-09T14:12:38","modified_gmt":"2017-08-09T17:12:38","slug":"susto-veiculo-pega-fogo-proximo-de-escola-em-bsf","status":"publish","type":"post","link":"http:\/\/www.portalmantena.com.br\/novo\/?p=13434","title":{"rendered":"Susto, ve\u00edculo pega fogo pr\u00f3ximo de escola em BSF"},"content":{"rendered":"<p><a href=\"http:\/\/www.portalmantena.com.br\/novo\/wp-content\/uploads\/2017\/08\/no090817fogo1.jpg\"><img loading=\"lazy\" class=\"alignnone size-full wp-image-13440\" src=\"http:\/\/www.portalmantena.com.br\/novo\/wp-content\/uploads\/2017\/08\/no090817fogo1.jpg\" alt=\"\" width=\"700\" height=\"450\" srcset=\"http:\/\/www.portalmantena.com.br\/novo\/wp-content\/uploads\/2017\/08\/no090817fogo1.jpg 700w, http:\/\/www.portalmantena.com.br\/novo\/wp-content\/uploads\/2017\/08\/no090817fogo1-300x193.jpg 300w, http:\/\/www.portalmantena.com.br\/novo\/wp-content\/uploads\/2017\/08\/no090817fogo1-696x447.jpg 696w, http:\/\/www.portalmantena.com.br\/novo\/wp-content\/uploads\/2017\/08\/no090817fogo1-653x420.jpg 653w\" sizes=\"(max-width: 700px) 100vw, 700px\" \/><\/a><\/p>\n<p><span style=\"font-size: 14pt;\">Um ve\u00edculo pegou fogo na manh\u00e3 desta segunda-feira, 07 de agosto em frente a uma escola no Bairro Vila Luciene, na cidade de Barra de S\u00e3o Francisco. <\/span><\/p>\n<p><span style=\"font-size: 14pt;\">Segundo informa\u00e7\u00f5es, o ve\u00edculo seguia no sentido ao centro de Barra de S\u00e3o Francisco, quando, nas proximidades do bairro, a roda dianteira come\u00e7ou a pegar fogo. A condutora foi alertada por populares e parou o autom\u00f3vel logo a frente, mas j\u00e1 n\u00e3o deu tempo de se fazer mais nada, pois o fogo se alastrou rapidamente. <\/span><\/p>\n<p><span style=\"font-size: 14pt;\">O Corpo de Bombeiros foi acionado para conter as chamas. A pista foi parcialmente interditada com a ajuda da Pol\u00edcia Militar at\u00e9 que as chamas fossem contidas evitando inclusive alguma explos\u00e3o. <\/span><\/p>\n<p><span style=\"font-size: 14pt;\">O ve\u00edculo era conduzido por uma mulher que n\u00e3o foi identificada. Os preju\u00edzos foram apenas materiais, parte dianteira do carro ficou completamente destru\u00edda. (fonte\/foto:ronangava)<\/span><\/p>\n<p><a href=\"http:\/\/www.portalmantena.com.br\/novo\/wp-content\/uploads\/2017\/08\/no090817fogo2.jpg\"><img loading=\"lazy\" class=\"alignnone size-full wp-image-13441\" src=\"http:\/\/www.portalmantena.com.br\/novo\/wp-content\/uploads\/2017\/08\/no090817fogo2.jpg\" alt=\"\" width=\"700\" height=\"450\" srcset=\"http:\/\/www.portalmantena.com.br\/novo\/wp-content\/uploads\/2017\/08\/no090817fogo2.jpg 700w, http:\/\/www.portalmantena.com.br\/novo\/wp-content\/uploads\/2017\/08\/no090817fogo2-300x193.jpg 300w, http:\/\/www.portalmantena.com.br\/novo\/wp-content\/uploads\/2017\/08\/no090817fogo2-696x447.jpg 696w, http:\/\/www.portalmantena.com.br\/novo\/wp-content\/uploads\/2017\/08\/no090817fogo2-653x420.jpg 653w\" sizes=\"(max-width: 700px) 100vw, 700px\" \/><\/a> <a href=\"http:\/\/www.portalmantena.com.br\/novo\/wp-content\/uploads\/2017\/08\/no090817fogo3.jpg\"><img loading=\"lazy\" class=\"alignnone size-full wp-image-13442\" src=\"http:\/\/www.portalmantena.com.br\/novo\/wp-content\/uploads\/2017\/08\/no090817fogo3.jpg\" alt=\"\" width=\"700\" height=\"450\" srcset=\"http:\/\/www.portalmantena.com.br\/novo\/wp-content\/uploads\/2017\/08\/no090817fogo3.jpg 700w, http:\/\/www.portalmantena.com.br\/novo\/wp-content\/uploads\/2017\/08\/no090817fogo3-300x193.jpg 300w, http:\/\/www.portalmantena.com.br\/novo\/wp-content\/uploads\/2017\/08\/no090817fogo3-696x447.jpg 696w, http:\/\/www.portalmantena.com.br\/novo\/wp-content\/uploads\/2017\/08\/no090817fogo3-653x420.jpg 653w\" sizes=\"(max-width: 700px) 100vw, 700px\" \/><\/a><\/p>\n","protected":false},"excerpt":{"rendered":"<p>Um ve\u00edculo pegou fogo na manh\u00e3 desta segunda-feira, 07 de agosto em frente a uma escola no Bairro Vila Luciene, na cidade de Barra de S\u00e3o Francisco. Segundo informa\u00e7\u00f5es, o ve\u00edculo seguia no sentido ao centro de Barra de S\u00e3o Francisco, quando, nas proximidades do bairro, a roda dianteira come\u00e7ou a pegar fogo. A condutora [&hellip;]<\/p>\n","protected":false},"author":1,"featured_media":13440,"comment_status":"open","ping_status":"open","sticky":false,"template":"","format":"standard","meta":[],"categories":[11,39],"tags":[],"_links":{"self":[{"href":"http:\/\/www.portalmantena.com.br\/novo\/index.php?rest_route=\/wp\/v2\/posts\/13434"}],"collection":[{"href":"http:\/\/www.portalmantena.com.br\/novo\/index.php?rest_route=\/wp\/v2\/posts"}],"about":[{"href":"http:\/\/www.portalmantena.com.br\/novo\/index.php?rest_route=\/wp\/v2\/types\/post"}],"author":[{"embeddable":true,"href":"http:\/\/www.portalmantena.com.br\/novo\/index.php?rest_route=\/wp\/v2\/users\/1"}],"replies":[{"embeddable":true,"href":"http:\/\/www.portalmantena.com.br\/novo\/index.php?rest_route=%2Fwp%2Fv2%2Fcomments&post=13434"}],"version-history":[{"count":1,"href":"http:\/\/www.portalmantena.com.br\/novo\/index.php?rest_route=\/wp\/v2\/posts\/13434\/revisions"}],"predecessor-version":[{"id":13443,"href":"http:\/\/www.portalmantena.com.br\/novo\/index.php?rest_route=\/wp\/v2\/posts\/13434\/revisions\/13443"}],"wp:featuredmedia":[{"embeddable":true,"href":"http:\/\/www.portalmantena.com.br\/novo\/index.php?rest_route=\/wp\/v2\/media\/13440"}],"wp:attachment":[{"href":"http:\/\/www.portalmantena.com.br\/novo\/index.php?rest_route=%2Fwp%2Fv2%2Fmedia&parent=13434"}],"wp:term":[{"taxonomy":"category","embeddable":true,"href":"http:\/\/www.portalmantena.com.br\/novo\/index.php?rest_route=%2Fwp%2Fv2%2Fcategories&post=13434"},{"taxonomy":"post_tag","embeddable":true,"href":"http:\/\/www.portalmantena.com.br\/novo\/index.php?rest_route=%2Fwp%2Fv2%2Ftags&post=13434"}],"curies":[{"name":"wp","href":"https:\/\/api.w.org\/{rel}","templated":true}]}}