{"id":13431,"date":"2017-08-09T22:44:31","date_gmt":"2017-08-10T01:44:31","guid":{"rendered":"http:\/\/www.portalmantena.com.br\/novo\/?p=13431"},"modified":"2017-08-09T13:46:06","modified_gmt":"2017-08-09T16:46:06","slug":"pm-de-galileia-prende-homem-que-abastecida-o-trafico-drogas-na-cidade","status":"publish","type":"post","link":"http:\/\/www.portalmantena.com.br\/novo\/?p=13431","title":{"rendered":"PM de Galil\u00e9ia prende homem que abastecida o tr\u00e1fico drogas na cidade"},"content":{"rendered":"<p><a href=\"http:\/\/www.portalmantena.com.br\/novo\/wp-content\/uploads\/2017\/08\/no090817droga.jpg\"><img loading=\"lazy\" class=\"alignnone size-full wp-image-13432\" src=\"http:\/\/www.portalmantena.com.br\/novo\/wp-content\/uploads\/2017\/08\/no090817droga.jpg\" alt=\"\" width=\"700\" height=\"450\" srcset=\"http:\/\/www.portalmantena.com.br\/novo\/wp-content\/uploads\/2017\/08\/no090817droga.jpg 700w, http:\/\/www.portalmantena.com.br\/novo\/wp-content\/uploads\/2017\/08\/no090817droga-300x193.jpg 300w, http:\/\/www.portalmantena.com.br\/novo\/wp-content\/uploads\/2017\/08\/no090817droga-696x447.jpg 696w, http:\/\/www.portalmantena.com.br\/novo\/wp-content\/uploads\/2017\/08\/no090817droga-653x420.jpg 653w\" sizes=\"(max-width: 700px) 100vw, 700px\" \/><\/a><\/p>\n<p style=\"background: white; vertical-align: baseline; margin: 0cm 0cm 11.25pt 0cm;\"><span style=\"font-size: 14pt; font-family: verdana, geneva, sans-serif; color: #444444;\">A Pol\u00edcia Militar prendeu no in\u00edcio da tarde da \u00faltima quinta-feira, na cidade de Galil\u00e9ia, um suspeito de trafico conhecido por alcunha de \u201cOliveirinha\u201d. <\/span><\/p>\n<p style=\"background: white; vertical-align: baseline; margin: 0cm 0cm 11.25pt 0cm;\"><span style=\"font-size: 14pt; font-family: verdana, geneva, sans-serif; color: #444444;\">Segundo den\u00fancia junto a pol\u00edcia militar, o suspeito\u00a0teria chegado de viagem na madrugada, trazendo consigo aproximadamente 2 kg de maconha e outra quantidade de crack. <\/span><\/p>\n<p style=\"background: white; vertical-align: baseline; margin: 0cm 0cm 11.25pt 0cm;\"><span style=\"font-size: 14pt; font-family: verdana, geneva, sans-serif; color: #444444;\">Conhecido no meio policial por envolvimento com o tr\u00e1fico de drogas, Oliveirinha foi monitorado pelos militares quando foi visto entrando no quintal de sua casa, e pegando um embrulho. <\/span><\/p>\n<p style=\"background: white; vertical-align: baseline; margin: 0cm 0cm 11.25pt 0cm;\"><span style=\"font-size: 14pt; font-family: verdana, geneva, sans-serif; color: #444444;\">Ao ser abordado foi encontrado com ele dentro de uma sacola pl\u00e1stica, dois tabletes grandes de maconha, e que segundo o boletim de ocorr\u00eancia, confessou ser o propriet\u00e1rio da droga, tendo sido adquirida na cidade Belo Horizonte pela quantia de R$ 300 reais, e o restante da droga, j\u00e1 teria sido distribu\u00edda para pequenos traficantes na cidade. <\/span><\/p>\n<p style=\"background: white; vertical-align: baseline; margin: 0cm 0cm 11.25pt 0cm;\"><span style=\"font-size: 14pt; font-family: verdana, geneva, sans-serif; color: #444444;\">Ao suspeito foi dado voz de pris\u00e3o, sendo ele conduzido para a Delegacia juntamente com as drogas. (fonte\/foto:noticiasnoleste)<\/span><\/p>\n","protected":false},"excerpt":{"rendered":"<p>A Pol\u00edcia Militar prendeu no in\u00edcio da tarde da \u00faltima quinta-feira, na cidade de Galil\u00e9ia, um suspeito de trafico conhecido por alcunha de \u201cOliveirinha\u201d. Segundo den\u00fancia junto a pol\u00edcia militar, o suspeito\u00a0teria chegado de viagem na madrugada, trazendo consigo aproximadamente 2 kg de maconha e outra quantidade de crack. Conhecido no meio policial por envolvimento [&hellip;]<\/p>\n","protected":false},"author":1,"featured_media":13432,"comment_status":"open","ping_status":"open","sticky":false,"template":"","format":"standard","meta":[],"categories":[11,34],"tags":[],"_links":{"self":[{"href":"http:\/\/www.portalmantena.com.br\/novo\/index.php?rest_route=\/wp\/v2\/posts\/13431"}],"collection":[{"href":"http:\/\/www.portalmantena.com.br\/novo\/index.php?rest_route=\/wp\/v2\/posts"}],"about":[{"href":"http:\/\/www.portalmantena.com.br\/novo\/index.php?rest_route=\/wp\/v2\/types\/post"}],"author":[{"embeddable":true,"href":"http:\/\/www.portalmantena.com.br\/novo\/index.php?rest_route=\/wp\/v2\/users\/1"}],"replies":[{"embeddable":true,"href":"http:\/\/www.portalmantena.com.br\/novo\/index.php?rest_route=%2Fwp%2Fv2%2Fcomments&post=13431"}],"version-history":[{"count":1,"href":"http:\/\/www.portalmantena.com.br\/novo\/index.php?rest_route=\/wp\/v2\/posts\/13431\/revisions"}],"predecessor-version":[{"id":13433,"href":"http:\/\/www.portalmantena.com.br\/novo\/index.php?rest_route=\/wp\/v2\/posts\/13431\/revisions\/13433"}],"wp:featuredmedia":[{"embeddable":true,"href":"http:\/\/www.portalmantena.com.br\/novo\/index.php?rest_route=\/wp\/v2\/media\/13432"}],"wp:attachment":[{"href":"http:\/\/www.portalmantena.com.br\/novo\/index.php?rest_route=%2Fwp%2Fv2%2Fmedia&parent=13431"}],"wp:term":[{"taxonomy":"category","embeddable":true,"href":"http:\/\/www.portalmantena.com.br\/novo\/index.php?rest_route=%2Fwp%2Fv2%2Fcategories&post=13431"},{"taxonomy":"post_tag","embeddable":true,"href":"http:\/\/www.portalmantena.com.br\/novo\/index.php?rest_route=%2Fwp%2Fv2%2Ftags&post=13431"}],"curies":[{"name":"wp","href":"https:\/\/api.w.org\/{rel}","templated":true}]}}