{"id":13417,"date":"2017-08-12T10:49:03","date_gmt":"2017-08-12T13:49:03","guid":{"rendered":"http:\/\/www.portalmantena.com.br\/novo\/?p=13417"},"modified":"2017-08-13T20:30:31","modified_gmt":"2017-08-13T23:30:31","slug":"cavalgada-da-familia-lolo-amigos-no-proximo-domingo-em-mantena","status":"publish","type":"post","link":"http:\/\/www.portalmantena.com.br\/novo\/?p=13417","title":{"rendered":"Cavalgada da fam\u00edlia Lol\u00f3 &#038; Amigos neste domingo em Mantena"},"content":{"rendered":"<p><a href=\"http:\/\/www.portalmantena.com.br\/novo\/wp-content\/uploads\/2017\/08\/no090817cavalgada.jpg\"><img loading=\"lazy\" class=\"alignnone size-full wp-image-13418\" src=\"http:\/\/www.portalmantena.com.br\/novo\/wp-content\/uploads\/2017\/08\/no090817cavalgada.jpg\" alt=\"\" width=\"700\" height=\"450\" srcset=\"http:\/\/www.portalmantena.com.br\/novo\/wp-content\/uploads\/2017\/08\/no090817cavalgada.jpg 700w, http:\/\/www.portalmantena.com.br\/novo\/wp-content\/uploads\/2017\/08\/no090817cavalgada-300x193.jpg 300w, http:\/\/www.portalmantena.com.br\/novo\/wp-content\/uploads\/2017\/08\/no090817cavalgada-696x447.jpg 696w, http:\/\/www.portalmantena.com.br\/novo\/wp-content\/uploads\/2017\/08\/no090817cavalgada-653x420.jpg 653w\" sizes=\"(max-width: 700px) 100vw, 700px\" \/><\/a><\/p>\n<p style=\"background: white; margin: 0cm 0cm 4.5pt 0cm;\"><span style=\"font-size: 14pt; font-family: Helvetica, sans-serif; color: #1d2129;\">No pr\u00f3ximo domingo dia 13 de agosto, acontecer\u00e1 em Mantena mais uma edi\u00e7\u00e3o da tradicional Cavalgada da fam\u00edlia Lol\u00f3 &amp; Amigos.<\/span><\/p>\n<p style=\"background: white; margin: 0cm 0cm 4.5pt 0cm;\"><span style=\"font-size: 14pt; font-family: Helvetica, sans-serif; color: #1d2129;\">O evento que sempre \u00e9 sin\u00f4nimo de festa, \u00e9 uma realiza\u00e7\u00e3o da comitiva \u00c1lcool Positivo. Esta \u00e9 a segunda cavalgada realizada pela comitiva, e haver\u00e1 aquela deliciosa carne assada para os cavaleiros.<\/span><\/p>\n<p style=\"background: white; margin: 0cm 0cm 4.5pt 0cm;\"><span style=\"font-size: 14pt; font-family: Helvetica, sans-serif; color: #1d2129;\">O evento ter\u00e1 a sa\u00edda \u00e0s 11 horas do Parque de Vaquejada em Mantena, e a chegada ser\u00e1 na fazenda Lol\u00f3 onde haver\u00e1 tamb\u00e9m show com Gedean Diniz. Os cavaleiros est\u00e3o sendo convidados para mais este belo momento dos amantes do esporte montado, al\u00e9m daquele forr\u00f3 que anima a todos.<\/span><\/p>\n","protected":false},"excerpt":{"rendered":"<p>No pr\u00f3ximo domingo dia 13 de agosto, acontecer\u00e1 em Mantena mais uma edi\u00e7\u00e3o da tradicional Cavalgada da fam\u00edlia Lol\u00f3 &amp; Amigos. O evento que sempre \u00e9 sin\u00f4nimo de festa, \u00e9 uma realiza\u00e7\u00e3o da comitiva \u00c1lcool Positivo. Esta \u00e9 a segunda cavalgada realizada pela comitiva, e haver\u00e1 aquela deliciosa carne assada para os cavaleiros. O evento [&hellip;]<\/p>\n","protected":false},"author":1,"featured_media":13418,"comment_status":"open","ping_status":"open","sticky":false,"template":"","format":"standard","meta":[],"categories":[22],"tags":[],"_links":{"self":[{"href":"http:\/\/www.portalmantena.com.br\/novo\/index.php?rest_route=\/wp\/v2\/posts\/13417"}],"collection":[{"href":"http:\/\/www.portalmantena.com.br\/novo\/index.php?rest_route=\/wp\/v2\/posts"}],"about":[{"href":"http:\/\/www.portalmantena.com.br\/novo\/index.php?rest_route=\/wp\/v2\/types\/post"}],"author":[{"embeddable":true,"href":"http:\/\/www.portalmantena.com.br\/novo\/index.php?rest_route=\/wp\/v2\/users\/1"}],"replies":[{"embeddable":true,"href":"http:\/\/www.portalmantena.com.br\/novo\/index.php?rest_route=%2Fwp%2Fv2%2Fcomments&post=13417"}],"version-history":[{"count":3,"href":"http:\/\/www.portalmantena.com.br\/novo\/index.php?rest_route=\/wp\/v2\/posts\/13417\/revisions"}],"predecessor-version":[{"id":13644,"href":"http:\/\/www.portalmantena.com.br\/novo\/index.php?rest_route=\/wp\/v2\/posts\/13417\/revisions\/13644"}],"wp:featuredmedia":[{"embeddable":true,"href":"http:\/\/www.portalmantena.com.br\/novo\/index.php?rest_route=\/wp\/v2\/media\/13418"}],"wp:attachment":[{"href":"http:\/\/www.portalmantena.com.br\/novo\/index.php?rest_route=%2Fwp%2Fv2%2Fmedia&parent=13417"}],"wp:term":[{"taxonomy":"category","embeddable":true,"href":"http:\/\/www.portalmantena.com.br\/novo\/index.php?rest_route=%2Fwp%2Fv2%2Fcategories&post=13417"},{"taxonomy":"post_tag","embeddable":true,"href":"http:\/\/www.portalmantena.com.br\/novo\/index.php?rest_route=%2Fwp%2Fv2%2Ftags&post=13417"}],"curies":[{"name":"wp","href":"https:\/\/api.w.org\/{rel}","templated":true}]}}