{"id":13407,"date":"2017-08-09T10:12:24","date_gmt":"2017-08-09T13:12:24","guid":{"rendered":"http:\/\/www.portalmantena.com.br\/novo\/?p=13407"},"modified":"2017-08-09T15:05:50","modified_gmt":"2017-08-09T18:05:50","slug":"gean-e-fabiane-completando-19-anos-de-casamento","status":"publish","type":"post","link":"http:\/\/www.portalmantena.com.br\/novo\/?p=13407","title":{"rendered":"Gean e Fabiane completando 19 anos de casamento"},"content":{"rendered":"<p><a href=\"http:\/\/www.portalmantena.com.br\/novo\/wp-content\/uploads\/2017\/08\/vi090817casal.jpg\"><img loading=\"lazy\" class=\"alignnone size-full wp-image-13409\" src=\"http:\/\/www.portalmantena.com.br\/novo\/wp-content\/uploads\/2017\/08\/vi090817casal.jpg\" alt=\"\" width=\"700\" height=\"450\" srcset=\"http:\/\/www.portalmantena.com.br\/novo\/wp-content\/uploads\/2017\/08\/vi090817casal.jpg 700w, http:\/\/www.portalmantena.com.br\/novo\/wp-content\/uploads\/2017\/08\/vi090817casal-300x193.jpg 300w, http:\/\/www.portalmantena.com.br\/novo\/wp-content\/uploads\/2017\/08\/vi090817casal-696x447.jpg 696w, http:\/\/www.portalmantena.com.br\/novo\/wp-content\/uploads\/2017\/08\/vi090817casal-653x420.jpg 653w\" sizes=\"(max-width: 700px) 100vw, 700px\" \/><\/a><\/p>\n<p style=\"line-height: 19.5pt; background: white; margin: 0cm 0cm 19.5pt 0cm;\"><span style=\"font-size: 14pt; font-family: Verdana, sans-serif; color: #000000;\">O casal mantenense Gean Siqueira &amp; Fabiane, completando mais um ano de uni\u00e3o. <\/span><\/p>\n<p style=\"line-height: 19.5pt; background: white; margin: 0cm 0cm 19.5pt 0cm;\"><span style=\"font-size: 14pt; font-family: Verdana, sans-serif; color: #000000;\">O simp\u00e1tico casal completa 19 anos de casamento, Bodas de \u00c1gua Marinha, uma data mais que especial e que parabenizamos e pedimos a Deus que aben\u00e7oe esta fam\u00edlia. <\/span><\/p>\n<p style=\"line-height: 19.5pt; background: white; margin: 0cm 0cm 19.5pt 0cm;\"><span style=\"font-size: 14pt; font-family: Verdana, sans-serif; color: #000000;\">Eles que est\u00e3o em Massachusetts nos Estados Unidos, aproveitando as f\u00e9rias, e que retornar\u00e3o em breve.<\/span><\/p>\n","protected":false},"excerpt":{"rendered":"<p>O casal mantenense Gean Siqueira &amp; Fabiane, completando mais um ano de uni\u00e3o. O simp\u00e1tico casal completa 19 anos de casamento, Bodas de \u00c1gua Marinha, uma data mais que especial e que parabenizamos e pedimos a Deus que aben\u00e7oe esta fam\u00edlia. Eles que est\u00e3o em Massachusetts nos Estados Unidos, aproveitando as f\u00e9rias, e que retornar\u00e3o [&hellip;]<\/p>\n","protected":false},"author":1,"featured_media":13409,"comment_status":"open","ping_status":"open","sticky":false,"template":"","format":"standard","meta":[],"categories":[7,53],"tags":[],"_links":{"self":[{"href":"http:\/\/www.portalmantena.com.br\/novo\/index.php?rest_route=\/wp\/v2\/posts\/13407"}],"collection":[{"href":"http:\/\/www.portalmantena.com.br\/novo\/index.php?rest_route=\/wp\/v2\/posts"}],"about":[{"href":"http:\/\/www.portalmantena.com.br\/novo\/index.php?rest_route=\/wp\/v2\/types\/post"}],"author":[{"embeddable":true,"href":"http:\/\/www.portalmantena.com.br\/novo\/index.php?rest_route=\/wp\/v2\/users\/1"}],"replies":[{"embeddable":true,"href":"http:\/\/www.portalmantena.com.br\/novo\/index.php?rest_route=%2Fwp%2Fv2%2Fcomments&post=13407"}],"version-history":[{"count":3,"href":"http:\/\/www.portalmantena.com.br\/novo\/index.php?rest_route=\/wp\/v2\/posts\/13407\/revisions"}],"predecessor-version":[{"id":13452,"href":"http:\/\/www.portalmantena.com.br\/novo\/index.php?rest_route=\/wp\/v2\/posts\/13407\/revisions\/13452"}],"wp:featuredmedia":[{"embeddable":true,"href":"http:\/\/www.portalmantena.com.br\/novo\/index.php?rest_route=\/wp\/v2\/media\/13409"}],"wp:attachment":[{"href":"http:\/\/www.portalmantena.com.br\/novo\/index.php?rest_route=%2Fwp%2Fv2%2Fmedia&parent=13407"}],"wp:term":[{"taxonomy":"category","embeddable":true,"href":"http:\/\/www.portalmantena.com.br\/novo\/index.php?rest_route=%2Fwp%2Fv2%2Fcategories&post=13407"},{"taxonomy":"post_tag","embeddable":true,"href":"http:\/\/www.portalmantena.com.br\/novo\/index.php?rest_route=%2Fwp%2Fv2%2Ftags&post=13407"}],"curies":[{"name":"wp","href":"https:\/\/api.w.org\/{rel}","templated":true}]}}