{"id":13400,"date":"2017-08-09T04:03:34","date_gmt":"2017-08-09T07:03:34","guid":{"rendered":"http:\/\/www.portalmantena.com.br\/novo\/?p=13400"},"modified":"2017-08-08T17:05:40","modified_gmt":"2017-08-08T20:05:40","slug":"comsep-se-reune-com-prefeito-e-recebe-doacao-de-cameras-para-vigilancia","status":"publish","type":"post","link":"http:\/\/www.portalmantena.com.br\/novo\/?p=13400","title":{"rendered":"COMSEP se re\u00fane com prefeito e recebe doa\u00e7\u00e3o de c\u00e2meras para vigil\u00e2ncia"},"content":{"rendered":"<p><a href=\"http:\/\/www.portalmantena.com.br\/novo\/wp-content\/uploads\/2017\/08\/no080817comsep1.jpg\"><img loading=\"lazy\" class=\"alignnone size-full wp-image-13401\" src=\"http:\/\/www.portalmantena.com.br\/novo\/wp-content\/uploads\/2017\/08\/no080817comsep1.jpg\" alt=\"\" width=\"700\" height=\"450\" srcset=\"http:\/\/www.portalmantena.com.br\/novo\/wp-content\/uploads\/2017\/08\/no080817comsep1.jpg 700w, http:\/\/www.portalmantena.com.br\/novo\/wp-content\/uploads\/2017\/08\/no080817comsep1-300x193.jpg 300w, http:\/\/www.portalmantena.com.br\/novo\/wp-content\/uploads\/2017\/08\/no080817comsep1-696x447.jpg 696w, http:\/\/www.portalmantena.com.br\/novo\/wp-content\/uploads\/2017\/08\/no080817comsep1-653x420.jpg 653w\" sizes=\"(max-width: 700px) 100vw, 700px\" \/><\/a><\/p>\n<p><span style=\"font-size: 14pt;\">Com o objetivo de promover e fortalecer os mecanismos que promovem a seguran\u00e7a p\u00fablica no munic\u00edpio de Mantena, representantes do COMSEP \u2013 Conselho Municipal de Seguran\u00e7a P\u00fablica, estiveram na tarde desta segunda-feira (7), no gabinete do prefeito municipal Sr. Jo\u00e3o Rufino, para levarem ao conhecimento do chefe do executivo as a\u00e7\u00f5es que est\u00e3o sendo tomadas pela nova diretoria do Conselho, buscando ainda a parceria com o munic\u00edpio. <\/span><\/p>\n<p><span style=\"font-size: 14pt;\">Com todos sentados \u00e0 mesa, e as apresenta\u00e7\u00f5es de praxe acontecendo, o assunto nesta ocasi\u00e3o foi o projeto de incrementar ainda mais a vigil\u00e2ncia na \u00e1rea comercial da cidade, realizada pelo monitoramento de c\u00e2meras. <\/span><\/p>\n<p><span style=\"font-size: 14pt;\">O interlocutor do assunto foi o presidente do COMSEP, o empres\u00e1rio Nilton Fialho. Acompanhado de outros membros do conselho, foi explanado para o prefeito municipal quais as demandas deste projeto, os equipamentos, o planejamento para monitoramento de c\u00e2meras e a id\u00e9ia de se criar um mapeamento da cidade onde al\u00e9m da seguran\u00e7a, o tr\u00e2nsito tamb\u00e9m seria monitorado. <\/span><\/p>\n<p><span style=\"font-size: 14pt;\">Mostrou-se ainda os resultados positivos que j\u00e1 foram alcan\u00e7ados pela Pol\u00edcia militar desvendando crimes cometidos, atrav\u00e9s das imagens registradas pelas c\u00e2meras que j\u00e1 existem pela cidade. <\/span><\/p>\n<p><span style=\"font-size: 14pt;\">O prefeito municipal em suas palavras se mostrou disposto a ser um parceiro, ali\u00e1s disse que todos juntos, cada um ajudando de uma forma, conseguirem avan\u00e7ar com o munic\u00edpio, principalmente nos assuntos que implicam no progresso e no bem estar de nossa cidade. <\/span><\/p>\n<p><span style=\"font-size: 14pt;\">O chefe do executivo aproveitou para anunciar que o munic\u00edpio far\u00e1 a doa\u00e7\u00e3o de duas c\u00e2meras (com as especifica\u00e7\u00f5es apresentadas na reuni\u00e3o), como parte deste in\u00edcio de parceria com o COMSEP, no sentido de iniciar este trabalho de monitoramento da cidade. Foi realmente uma tarde proveitosa onde os presentes puderam compartilhar informa\u00e7\u00f5es e j\u00e1 colher frutos que ser\u00e3o revertidos em prol dos mantenenses. <\/span><\/p>\n<p><span style=\"font-size: 14pt;\">Participaram deste encontro al\u00e9m do prefeito Jo\u00e3o Rufino, o Diretor de Tr\u00e2nsito e Transporte Jorcelino Macedo, PM Capit\u00e3o Lindomar Batista, Sub Tenente Wender, o presidente do COMSEP, o empres\u00e1rio Nilton C\u00e9sar, M\u00e1rcio Vieira (vice presidente), Fabiana Hip\u00f3lito (secret\u00e1ria), Est\u00eav\u00e3o (2\u00ba secret\u00e1rio), Renilton Oliveira e Rog\u00e9rio Ferreira (tesoureiros), Tom\u00e1s Lemos e Adeildo Pereira (Conselheiros fiscais), e pela imprensa Junior Oliveira e J\u00e2nio.<\/span><\/p>\n<p><a href=\"http:\/\/www.portalmantena.com.br\/novo\/wp-content\/uploads\/2017\/08\/no080817comsep2.jpg\"><img loading=\"lazy\" class=\"alignnone size-full wp-image-13402\" src=\"http:\/\/www.portalmantena.com.br\/novo\/wp-content\/uploads\/2017\/08\/no080817comsep2.jpg\" alt=\"\" width=\"700\" height=\"450\" srcset=\"http:\/\/www.portalmantena.com.br\/novo\/wp-content\/uploads\/2017\/08\/no080817comsep2.jpg 700w, http:\/\/www.portalmantena.com.br\/novo\/wp-content\/uploads\/2017\/08\/no080817comsep2-300x193.jpg 300w, http:\/\/www.portalmantena.com.br\/novo\/wp-content\/uploads\/2017\/08\/no080817comsep2-696x447.jpg 696w, http:\/\/www.portalmantena.com.br\/novo\/wp-content\/uploads\/2017\/08\/no080817comsep2-653x420.jpg 653w\" sizes=\"(max-width: 700px) 100vw, 700px\" \/><\/a> <a href=\"http:\/\/www.portalmantena.com.br\/novo\/wp-content\/uploads\/2017\/08\/no080817comsep3.jpg\"><img loading=\"lazy\" class=\"alignnone size-full wp-image-13403\" src=\"http:\/\/www.portalmantena.com.br\/novo\/wp-content\/uploads\/2017\/08\/no080817comsep3.jpg\" alt=\"\" width=\"700\" height=\"450\" srcset=\"http:\/\/www.portalmantena.com.br\/novo\/wp-content\/uploads\/2017\/08\/no080817comsep3.jpg 700w, http:\/\/www.portalmantena.com.br\/novo\/wp-content\/uploads\/2017\/08\/no080817comsep3-300x193.jpg 300w, http:\/\/www.portalmantena.com.br\/novo\/wp-content\/uploads\/2017\/08\/no080817comsep3-696x447.jpg 696w, http:\/\/www.portalmantena.com.br\/novo\/wp-content\/uploads\/2017\/08\/no080817comsep3-653x420.jpg 653w\" sizes=\"(max-width: 700px) 100vw, 700px\" \/><\/a><\/p>\n","protected":false},"excerpt":{"rendered":"<p>Com o objetivo de promover e fortalecer os mecanismos que promovem a seguran\u00e7a p\u00fablica no munic\u00edpio de Mantena, representantes do COMSEP \u2013 Conselho Municipal de Seguran\u00e7a P\u00fablica, estiveram na tarde desta segunda-feira (7), no gabinete do prefeito municipal Sr. Jo\u00e3o Rufino, para levarem ao conhecimento do chefe do executivo as a\u00e7\u00f5es que est\u00e3o sendo tomadas [&hellip;]<\/p>\n","protected":false},"author":1,"featured_media":13401,"comment_status":"open","ping_status":"open","sticky":false,"template":"","format":"standard","meta":[],"categories":[36,12],"tags":[],"_links":{"self":[{"href":"http:\/\/www.portalmantena.com.br\/novo\/index.php?rest_route=\/wp\/v2\/posts\/13400"}],"collection":[{"href":"http:\/\/www.portalmantena.com.br\/novo\/index.php?rest_route=\/wp\/v2\/posts"}],"about":[{"href":"http:\/\/www.portalmantena.com.br\/novo\/index.php?rest_route=\/wp\/v2\/types\/post"}],"author":[{"embeddable":true,"href":"http:\/\/www.portalmantena.com.br\/novo\/index.php?rest_route=\/wp\/v2\/users\/1"}],"replies":[{"embeddable":true,"href":"http:\/\/www.portalmantena.com.br\/novo\/index.php?rest_route=%2Fwp%2Fv2%2Fcomments&post=13400"}],"version-history":[{"count":1,"href":"http:\/\/www.portalmantena.com.br\/novo\/index.php?rest_route=\/wp\/v2\/posts\/13400\/revisions"}],"predecessor-version":[{"id":13404,"href":"http:\/\/www.portalmantena.com.br\/novo\/index.php?rest_route=\/wp\/v2\/posts\/13400\/revisions\/13404"}],"wp:featuredmedia":[{"embeddable":true,"href":"http:\/\/www.portalmantena.com.br\/novo\/index.php?rest_route=\/wp\/v2\/media\/13401"}],"wp:attachment":[{"href":"http:\/\/www.portalmantena.com.br\/novo\/index.php?rest_route=%2Fwp%2Fv2%2Fmedia&parent=13400"}],"wp:term":[{"taxonomy":"category","embeddable":true,"href":"http:\/\/www.portalmantena.com.br\/novo\/index.php?rest_route=%2Fwp%2Fv2%2Fcategories&post=13400"},{"taxonomy":"post_tag","embeddable":true,"href":"http:\/\/www.portalmantena.com.br\/novo\/index.php?rest_route=%2Fwp%2Fv2%2Ftags&post=13400"}],"curies":[{"name":"wp","href":"https:\/\/api.w.org\/{rel}","templated":true}]}}