{"id":13394,"date":"2017-08-09T04:27:55","date_gmt":"2017-08-09T07:27:55","guid":{"rendered":"http:\/\/www.portalmantena.com.br\/novo\/?p=13394"},"modified":"2017-08-08T16:32:22","modified_gmt":"2017-08-08T19:32:22","slug":"modelo-mantenense-e-eleita-miss-simpatia-gv-2017","status":"publish","type":"post","link":"http:\/\/www.portalmantena.com.br\/novo\/?p=13394","title":{"rendered":"Modelo mantenense \u00e9 eleita Miss Simpatia GV 2017"},"content":{"rendered":"<p><a href=\"http:\/\/www.portalmantena.com.br\/novo\/wp-content\/uploads\/2017\/08\/no070817miss1.jpg\"><img loading=\"lazy\" class=\"alignnone size-full wp-image-13395\" src=\"http:\/\/www.portalmantena.com.br\/novo\/wp-content\/uploads\/2017\/08\/no070817miss1.jpg\" alt=\"\" width=\"700\" height=\"450\" srcset=\"http:\/\/www.portalmantena.com.br\/novo\/wp-content\/uploads\/2017\/08\/no070817miss1.jpg 700w, http:\/\/www.portalmantena.com.br\/novo\/wp-content\/uploads\/2017\/08\/no070817miss1-300x193.jpg 300w, http:\/\/www.portalmantena.com.br\/novo\/wp-content\/uploads\/2017\/08\/no070817miss1-696x447.jpg 696w, http:\/\/www.portalmantena.com.br\/novo\/wp-content\/uploads\/2017\/08\/no070817miss1-653x420.jpg 653w\" sizes=\"(max-width: 700px) 100vw, 700px\" \/><\/a><\/p>\n<p><span style=\"font-size: 14pt;\">Um final de semana de muita alegria e emo\u00e7\u00e3o para amigos e familiares de uma mantenense de cora\u00e7\u00e3o, a jovem Larissa Kelly Conrado, que conquistou o t\u00edtulo de Miss Simpatia GV 2017 e ainda ficou em 3\u00ba lugar no Miss GV 2017. <\/span><\/p>\n<p><span style=\"font-size: 14pt;\">O evento foi realizado no \u00faltimo s\u00e1bado dia 05 de Agosto na Casa de Festas Happy Day em Valadares, e contou com um p\u00fablico seleto. <\/span><\/p>\n<p><span style=\"font-size: 14pt;\">Larissa nasceu em Governador Valadares e mudou-se para Mantena quando tinha 1 ano e 4 meses. Por ser Valadarense pode participar deste concurso de beleza que al\u00e9m da elei\u00e7\u00e3o da Miss GV 2017, teve tamb\u00e9m a participa\u00e7\u00e3o de rapazes no concurso Mister. <\/span><\/p>\n<p><span style=\"font-size: 14pt;\">A simpatia de Larissa conquistou os jurados, eram 5 finalistas e ela foi alcan\u00e7ando seus objetivos. <\/span><\/p>\n<p><span style=\"font-size: 14pt;\">Com este resultado, Larissa pode escolher que rumo seguir nos concursos, se decidir representar a cidade de Governador Valadares percorrer\u00e1 o rumo do Miss Latina, j\u00e1 se decidir seguir como representante de Mantena, ela seguir\u00e1 para o concurso Miss Minas Gerais Mesoam\u00e9rica. <\/span><\/p>\n<p><span style=\"font-size: 14pt;\">Dias de muita alegria e emo\u00e7\u00e3o, ela vem colhendo os elogios e o carinho de todos que acreditam nesta bela carreira de Larissa.<\/span><\/p>\n<p><a href=\"http:\/\/www.portalmantena.com.br\/novo\/wp-content\/uploads\/2017\/08\/no070817miss2.jpg\"><img loading=\"lazy\" class=\"alignnone size-full wp-image-13396\" src=\"http:\/\/www.portalmantena.com.br\/novo\/wp-content\/uploads\/2017\/08\/no070817miss2.jpg\" alt=\"\" width=\"700\" height=\"450\" srcset=\"http:\/\/www.portalmantena.com.br\/novo\/wp-content\/uploads\/2017\/08\/no070817miss2.jpg 700w, http:\/\/www.portalmantena.com.br\/novo\/wp-content\/uploads\/2017\/08\/no070817miss2-300x193.jpg 300w, http:\/\/www.portalmantena.com.br\/novo\/wp-content\/uploads\/2017\/08\/no070817miss2-696x447.jpg 696w, http:\/\/www.portalmantena.com.br\/novo\/wp-content\/uploads\/2017\/08\/no070817miss2-653x420.jpg 653w\" sizes=\"(max-width: 700px) 100vw, 700px\" \/><\/a> <a href=\"http:\/\/www.portalmantena.com.br\/novo\/wp-content\/uploads\/2017\/08\/no070817miss3.jpg\"><img loading=\"lazy\" class=\"alignnone size-full wp-image-13397\" src=\"http:\/\/www.portalmantena.com.br\/novo\/wp-content\/uploads\/2017\/08\/no070817miss3.jpg\" alt=\"\" width=\"700\" height=\"450\" srcset=\"http:\/\/www.portalmantena.com.br\/novo\/wp-content\/uploads\/2017\/08\/no070817miss3.jpg 700w, http:\/\/www.portalmantena.com.br\/novo\/wp-content\/uploads\/2017\/08\/no070817miss3-300x193.jpg 300w, http:\/\/www.portalmantena.com.br\/novo\/wp-content\/uploads\/2017\/08\/no070817miss3-696x447.jpg 696w, http:\/\/www.portalmantena.com.br\/novo\/wp-content\/uploads\/2017\/08\/no070817miss3-653x420.jpg 653w\" sizes=\"(max-width: 700px) 100vw, 700px\" \/><\/a> <a href=\"http:\/\/www.portalmantena.com.br\/novo\/wp-content\/uploads\/2017\/08\/no070817miss4.jpg\"><img loading=\"lazy\" class=\"alignnone size-full wp-image-13398\" src=\"http:\/\/www.portalmantena.com.br\/novo\/wp-content\/uploads\/2017\/08\/no070817miss4.jpg\" alt=\"\" width=\"700\" height=\"450\" srcset=\"http:\/\/www.portalmantena.com.br\/novo\/wp-content\/uploads\/2017\/08\/no070817miss4.jpg 700w, http:\/\/www.portalmantena.com.br\/novo\/wp-content\/uploads\/2017\/08\/no070817miss4-300x193.jpg 300w, http:\/\/www.portalmantena.com.br\/novo\/wp-content\/uploads\/2017\/08\/no070817miss4-696x447.jpg 696w, http:\/\/www.portalmantena.com.br\/novo\/wp-content\/uploads\/2017\/08\/no070817miss4-653x420.jpg 653w\" sizes=\"(max-width: 700px) 100vw, 700px\" \/><\/a><\/p>\n","protected":false},"excerpt":{"rendered":"<p>Um final de semana de muita alegria e emo\u00e7\u00e3o para amigos e familiares de uma mantenense de cora\u00e7\u00e3o, a jovem Larissa Kelly Conrado, que conquistou o t\u00edtulo de Miss Simpatia GV 2017 e ainda ficou em 3\u00ba lugar no Miss GV 2017. O evento foi realizado no \u00faltimo s\u00e1bado dia 05 de Agosto na Casa [&hellip;]<\/p>\n","protected":false},"author":1,"featured_media":13398,"comment_status":"open","ping_status":"open","sticky":false,"template":"","format":"standard","meta":[],"categories":[36,11],"tags":[],"_links":{"self":[{"href":"http:\/\/www.portalmantena.com.br\/novo\/index.php?rest_route=\/wp\/v2\/posts\/13394"}],"collection":[{"href":"http:\/\/www.portalmantena.com.br\/novo\/index.php?rest_route=\/wp\/v2\/posts"}],"about":[{"href":"http:\/\/www.portalmantena.com.br\/novo\/index.php?rest_route=\/wp\/v2\/types\/post"}],"author":[{"embeddable":true,"href":"http:\/\/www.portalmantena.com.br\/novo\/index.php?rest_route=\/wp\/v2\/users\/1"}],"replies":[{"embeddable":true,"href":"http:\/\/www.portalmantena.com.br\/novo\/index.php?rest_route=%2Fwp%2Fv2%2Fcomments&post=13394"}],"version-history":[{"count":1,"href":"http:\/\/www.portalmantena.com.br\/novo\/index.php?rest_route=\/wp\/v2\/posts\/13394\/revisions"}],"predecessor-version":[{"id":13399,"href":"http:\/\/www.portalmantena.com.br\/novo\/index.php?rest_route=\/wp\/v2\/posts\/13394\/revisions\/13399"}],"wp:featuredmedia":[{"embeddable":true,"href":"http:\/\/www.portalmantena.com.br\/novo\/index.php?rest_route=\/wp\/v2\/media\/13398"}],"wp:attachment":[{"href":"http:\/\/www.portalmantena.com.br\/novo\/index.php?rest_route=%2Fwp%2Fv2%2Fmedia&parent=13394"}],"wp:term":[{"taxonomy":"category","embeddable":true,"href":"http:\/\/www.portalmantena.com.br\/novo\/index.php?rest_route=%2Fwp%2Fv2%2Fcategories&post=13394"},{"taxonomy":"post_tag","embeddable":true,"href":"http:\/\/www.portalmantena.com.br\/novo\/index.php?rest_route=%2Fwp%2Fv2%2Ftags&post=13394"}],"curies":[{"name":"wp","href":"https:\/\/api.w.org\/{rel}","templated":true}]}}