{"id":13386,"date":"2017-08-08T19:32:13","date_gmt":"2017-08-08T22:32:13","guid":{"rendered":"http:\/\/www.portalmantena.com.br\/novo\/?p=13386"},"modified":"2017-08-08T14:55:12","modified_gmt":"2017-08-08T17:55:12","slug":"guarda-mirim-agradece-participacao-dos-alunos-no-elite-race","status":"publish","type":"post","link":"http:\/\/www.portalmantena.com.br\/novo\/?p=13386","title":{"rendered":"Guarda Mirim agradece participa\u00e7\u00e3o dos alunos no Elite Race"},"content":{"rendered":"<p><a href=\"http:\/\/www.portalmantena.com.br\/novo\/wp-content\/uploads\/2017\/08\/no080817guarda1.jpg\"><img loading=\"lazy\" class=\"alignnone size-full wp-image-13387\" src=\"http:\/\/www.portalmantena.com.br\/novo\/wp-content\/uploads\/2017\/08\/no080817guarda1.jpg\" alt=\"\" width=\"700\" height=\"450\" srcset=\"http:\/\/www.portalmantena.com.br\/novo\/wp-content\/uploads\/2017\/08\/no080817guarda1.jpg 700w, http:\/\/www.portalmantena.com.br\/novo\/wp-content\/uploads\/2017\/08\/no080817guarda1-300x193.jpg 300w, http:\/\/www.portalmantena.com.br\/novo\/wp-content\/uploads\/2017\/08\/no080817guarda1-696x447.jpg 696w, http:\/\/www.portalmantena.com.br\/novo\/wp-content\/uploads\/2017\/08\/no080817guarda1-653x420.jpg 653w\" sizes=\"(max-width: 700px) 100vw, 700px\" \/><\/a><\/p>\n<p style=\"margin: 0cm; margin-bottom: .0001pt;\"><span style=\"font-size: 14.0pt; font-family: 'Helvetica','sans-serif'; color: #1d2129; background: white;\">Ap\u00f3s uma participa\u00e7\u00e3o invej\u00e1vel e eficiente dos alunos da Guarda Mirim de Mantena, no prova de Elite Race, realizada na cidade no \u00faltimo dia 29 de Julho, a dire\u00e7\u00e3o da associa\u00e7\u00e3o em Mantena, veio a p\u00fablico agradecer ao Atleta Nivaldo da Academia, por incluir os adolescentes da GM na corrida com obst\u00e1culos ELITE RACE. <\/span><\/p>\n<p style=\"margin: 0cm; margin-bottom: .0001pt;\">\n<p style=\"margin: 0cm; margin-bottom: .0001pt;\"><span style=\"font-size: 14.0pt; font-family: 'Helvetica','sans-serif'; color: #1d2129; background: white;\">Os Guardas Mirins receberam camisas, trof\u00e9us e medalhas, e foram merecedores pelo esfor\u00e7o que fizeram e a determina\u00e7\u00e3o em realizar uma prova t\u00e3o exigente quanto foi a apresenta\u00e7\u00e3o desta nova modalidade aos mantenenses. <\/span><\/p>\n<p style=\"margin: 0cm; margin-bottom: .0001pt;\">\n<p style=\"margin: 0cm; margin-bottom: .0001pt;\"><span style=\"font-size: 14.0pt; font-family: 'Helvetica','sans-serif'; color: #1d2129; background: white;\">Foi um evento que marcou positivamente a vida da fam\u00edlia Guarda Mirim de Mantena.<\/span><\/p>\n<p style=\"margin: 0cm; margin-bottom: .0001pt;\">\n<p style=\"margin: 0cm; margin-bottom: .0001pt;\"><span style=\"font-size: 14.0pt; font-family: 'Helvetica','sans-serif'; color: #1d2129; background: white;\">O presidente Wender \u00a0fez quest\u00e3o de se manifestar, \u201cAgradecemos tamb\u00e9m toda a Equipe Organizadora e Patrocinadores que n\u00e3o mediram esfor\u00e7os para promover o esporte, a alegria e o amor.<\/span><span style=\"font-size: 14.0pt; font-family: 'Helvetica','sans-serif'; color: #1d2129;\"> <span style=\"background: white;\">Um agradecimento especial vai tamb\u00e9m para a Pol\u00edcia Militar de Minas Gerais que atrav\u00e9s do Capit\u00e3o Lindomar Batista de Oliveira e demais policiais, apoiaram, incentivaram e participaram desse evento que impactou na vida dos atletas e principalmente da Associa\u00e7\u00e3o Guarda Mirim&#8221;, finalizou.<\/span><\/span><\/p>\n<p style=\"margin: 0cm; margin-bottom: .0001pt;\">\n<p><a href=\"http:\/\/www.portalmantena.com.br\/novo\/wp-content\/uploads\/2017\/08\/no080817guarda2.jpg\"><img loading=\"lazy\" class=\"alignnone size-full wp-image-13388\" src=\"http:\/\/www.portalmantena.com.br\/novo\/wp-content\/uploads\/2017\/08\/no080817guarda2.jpg\" alt=\"\" width=\"700\" height=\"450\" srcset=\"http:\/\/www.portalmantena.com.br\/novo\/wp-content\/uploads\/2017\/08\/no080817guarda2.jpg 700w, http:\/\/www.portalmantena.com.br\/novo\/wp-content\/uploads\/2017\/08\/no080817guarda2-300x193.jpg 300w, http:\/\/www.portalmantena.com.br\/novo\/wp-content\/uploads\/2017\/08\/no080817guarda2-696x447.jpg 696w, http:\/\/www.portalmantena.com.br\/novo\/wp-content\/uploads\/2017\/08\/no080817guarda2-653x420.jpg 653w\" sizes=\"(max-width: 700px) 100vw, 700px\" \/><\/a> <a href=\"http:\/\/www.portalmantena.com.br\/novo\/wp-content\/uploads\/2017\/08\/no080817guarda3.jpg\"><img loading=\"lazy\" class=\"alignnone size-full wp-image-13389\" src=\"http:\/\/www.portalmantena.com.br\/novo\/wp-content\/uploads\/2017\/08\/no080817guarda3.jpg\" alt=\"\" width=\"700\" height=\"450\" srcset=\"http:\/\/www.portalmantena.com.br\/novo\/wp-content\/uploads\/2017\/08\/no080817guarda3.jpg 700w, http:\/\/www.portalmantena.com.br\/novo\/wp-content\/uploads\/2017\/08\/no080817guarda3-300x193.jpg 300w, http:\/\/www.portalmantena.com.br\/novo\/wp-content\/uploads\/2017\/08\/no080817guarda3-696x447.jpg 696w, http:\/\/www.portalmantena.com.br\/novo\/wp-content\/uploads\/2017\/08\/no080817guarda3-653x420.jpg 653w\" sizes=\"(max-width: 700px) 100vw, 700px\" \/><\/a><\/p>\n","protected":false},"excerpt":{"rendered":"<p>Ap\u00f3s uma participa\u00e7\u00e3o invej\u00e1vel e eficiente dos alunos da Guarda Mirim de Mantena, no prova de Elite Race, realizada na cidade no \u00faltimo dia 29 de Julho, a dire\u00e7\u00e3o da associa\u00e7\u00e3o em Mantena, veio a p\u00fablico agradecer ao Atleta Nivaldo da Academia, por incluir os adolescentes da GM na corrida com obst\u00e1culos ELITE RACE. Os [&hellip;]<\/p>\n","protected":false},"author":1,"featured_media":13388,"comment_status":"open","ping_status":"open","sticky":false,"template":"","format":"standard","meta":[],"categories":[36,11],"tags":[],"_links":{"self":[{"href":"http:\/\/www.portalmantena.com.br\/novo\/index.php?rest_route=\/wp\/v2\/posts\/13386"}],"collection":[{"href":"http:\/\/www.portalmantena.com.br\/novo\/index.php?rest_route=\/wp\/v2\/posts"}],"about":[{"href":"http:\/\/www.portalmantena.com.br\/novo\/index.php?rest_route=\/wp\/v2\/types\/post"}],"author":[{"embeddable":true,"href":"http:\/\/www.portalmantena.com.br\/novo\/index.php?rest_route=\/wp\/v2\/users\/1"}],"replies":[{"embeddable":true,"href":"http:\/\/www.portalmantena.com.br\/novo\/index.php?rest_route=%2Fwp%2Fv2%2Fcomments&post=13386"}],"version-history":[{"count":1,"href":"http:\/\/www.portalmantena.com.br\/novo\/index.php?rest_route=\/wp\/v2\/posts\/13386\/revisions"}],"predecessor-version":[{"id":13390,"href":"http:\/\/www.portalmantena.com.br\/novo\/index.php?rest_route=\/wp\/v2\/posts\/13386\/revisions\/13390"}],"wp:featuredmedia":[{"embeddable":true,"href":"http:\/\/www.portalmantena.com.br\/novo\/index.php?rest_route=\/wp\/v2\/media\/13388"}],"wp:attachment":[{"href":"http:\/\/www.portalmantena.com.br\/novo\/index.php?rest_route=%2Fwp%2Fv2%2Fmedia&parent=13386"}],"wp:term":[{"taxonomy":"category","embeddable":true,"href":"http:\/\/www.portalmantena.com.br\/novo\/index.php?rest_route=%2Fwp%2Fv2%2Fcategories&post=13386"},{"taxonomy":"post_tag","embeddable":true,"href":"http:\/\/www.portalmantena.com.br\/novo\/index.php?rest_route=%2Fwp%2Fv2%2Ftags&post=13386"}],"curies":[{"name":"wp","href":"https:\/\/api.w.org\/{rel}","templated":true}]}}