{"id":13381,"date":"2017-08-08T14:25:29","date_gmt":"2017-08-08T17:25:29","guid":{"rendered":"http:\/\/www.portalmantena.com.br\/novo\/?p=13381"},"modified":"2017-08-08T14:25:29","modified_gmt":"2017-08-08T17:25:29","slug":"08ago-animais-migrando-para-a-zona-urbana-em-busca-de-alimentacao","status":"publish","type":"post","link":"http:\/\/www.portalmantena.com.br\/novo\/?p=13381","title":{"rendered":"08AGO &#8211; Animais migrando para a zona urbana em busca de alimenta\u00e7\u00e3o"},"content":{"rendered":"<p><strong><a href=\"http:\/\/www.portalmantena.com.br\/novo\/wp-content\/uploads\/2017\/06\/diabaner-1.jpg\"><img loading=\"lazy\" class=\"alignnone size-full wp-image-8000\" src=\"http:\/\/www.portalmantena.com.br\/novo\/wp-content\/uploads\/2017\/06\/diabaner-1.jpg\" alt=\"\" width=\"650\" height=\"100\" srcset=\"http:\/\/www.portalmantena.com.br\/novo\/wp-content\/uploads\/2017\/06\/diabaner-1.jpg 650w, http:\/\/www.portalmantena.com.br\/novo\/wp-content\/uploads\/2017\/06\/diabaner-1-300x46.jpg 300w\" sizes=\"(max-width: 650px) 100vw, 650px\" \/><\/a><\/strong><a href=\"http:\/\/www.portalmantena.com.br\/novo\/wp-content\/uploads\/2017\/08\/dia080817.jpg\"><img loading=\"lazy\" class=\"alignnone size-full wp-image-13382\" src=\"http:\/\/www.portalmantena.com.br\/novo\/wp-content\/uploads\/2017\/08\/dia080817.jpg\" alt=\"\" width=\"700\" height=\"450\" srcset=\"http:\/\/www.portalmantena.com.br\/novo\/wp-content\/uploads\/2017\/08\/dia080817.jpg 700w, http:\/\/www.portalmantena.com.br\/novo\/wp-content\/uploads\/2017\/08\/dia080817-300x193.jpg 300w, http:\/\/www.portalmantena.com.br\/novo\/wp-content\/uploads\/2017\/08\/dia080817-696x447.jpg 696w, http:\/\/www.portalmantena.com.br\/novo\/wp-content\/uploads\/2017\/08\/dia080817-653x420.jpg 653w\" sizes=\"(max-width: 700px) 100vw, 700px\" \/><\/a><\/p>\n<p><span style=\"font-size: 14pt;\"><span style=\"font-size: 18pt;\"><strong>08 de Agosto<\/strong><\/span> &#8211; Muito comum hoje em Mantena, animais migrando em bandos da zona rural para a zona urbana, praticamente criando h\u00e1bitos di\u00e1rios de alimenta\u00e7\u00e3o pelo c\u00f3rrego que corta a cidade. Gar\u00e7as (foto), marrecos, Jacu, ouri\u00e7o cacheiro entre outros bichos sendo flagrados constantemente pela cidade.<\/span><\/p>\n","protected":false},"excerpt":{"rendered":"<p>08 de Agosto &#8211; Muito comum hoje em Mantena, animais migrando em bandos da zona rural para a zona urbana, praticamente criando h\u00e1bitos di\u00e1rios de alimenta\u00e7\u00e3o pelo c\u00f3rrego que corta a cidade. Gar\u00e7as (foto), marrecos, Jacu, ouri\u00e7o cacheiro entre outros bichos sendo flagrados constantemente pela cidade.<\/p>\n","protected":false},"author":1,"featured_media":13382,"comment_status":"open","ping_status":"open","sticky":false,"template":"","format":"standard","meta":[],"categories":[50],"tags":[],"_links":{"self":[{"href":"http:\/\/www.portalmantena.com.br\/novo\/index.php?rest_route=\/wp\/v2\/posts\/13381"}],"collection":[{"href":"http:\/\/www.portalmantena.com.br\/novo\/index.php?rest_route=\/wp\/v2\/posts"}],"about":[{"href":"http:\/\/www.portalmantena.com.br\/novo\/index.php?rest_route=\/wp\/v2\/types\/post"}],"author":[{"embeddable":true,"href":"http:\/\/www.portalmantena.com.br\/novo\/index.php?rest_route=\/wp\/v2\/users\/1"}],"replies":[{"embeddable":true,"href":"http:\/\/www.portalmantena.com.br\/novo\/index.php?rest_route=%2Fwp%2Fv2%2Fcomments&post=13381"}],"version-history":[{"count":1,"href":"http:\/\/www.portalmantena.com.br\/novo\/index.php?rest_route=\/wp\/v2\/posts\/13381\/revisions"}],"predecessor-version":[{"id":13383,"href":"http:\/\/www.portalmantena.com.br\/novo\/index.php?rest_route=\/wp\/v2\/posts\/13381\/revisions\/13383"}],"wp:featuredmedia":[{"embeddable":true,"href":"http:\/\/www.portalmantena.com.br\/novo\/index.php?rest_route=\/wp\/v2\/media\/13382"}],"wp:attachment":[{"href":"http:\/\/www.portalmantena.com.br\/novo\/index.php?rest_route=%2Fwp%2Fv2%2Fmedia&parent=13381"}],"wp:term":[{"taxonomy":"category","embeddable":true,"href":"http:\/\/www.portalmantena.com.br\/novo\/index.php?rest_route=%2Fwp%2Fv2%2Fcategories&post=13381"},{"taxonomy":"post_tag","embeddable":true,"href":"http:\/\/www.portalmantena.com.br\/novo\/index.php?rest_route=%2Fwp%2Fv2%2Ftags&post=13381"}],"curies":[{"name":"wp","href":"https:\/\/api.w.org\/{rel}","templated":true}]}}