{"id":13172,"date":"2017-08-04T17:11:17","date_gmt":"2017-08-04T20:11:17","guid":{"rendered":"http:\/\/www.portalmantena.com.br\/novo\/?p=13172"},"modified":"2017-08-07T10:10:22","modified_gmt":"2017-08-07T13:10:22","slug":"o-diferencial-eram-as-turmas-numerosas-de-amigos","status":"publish","type":"post","link":"http:\/\/www.portalmantena.com.br\/novo\/?p=13172","title":{"rendered":"O diferencial eram as turmas numerosas de Amigos"},"content":{"rendered":"<p><span style=\"color: #993300;\"><span style=\"font-size: 36pt;\"><strong>Tempo<\/strong>BOM<\/span>\u00a0<span style=\"font-size: 18pt;\">uma saudade da nossa hist\u00f3ria<a href=\"http:\/\/www.portalmantena.com.br\/novo\/wp-content\/uploads\/2017\/08\/tempo0408amigos3.jpg\"><img loading=\"lazy\" class=\"alignnone size-full wp-image-13173\" src=\"http:\/\/www.portalmantena.com.br\/novo\/wp-content\/uploads\/2017\/08\/tempo0408amigos3.jpg\" alt=\"\" width=\"700\" height=\"450\" srcset=\"http:\/\/www.portalmantena.com.br\/novo\/wp-content\/uploads\/2017\/08\/tempo0408amigos3.jpg 700w, http:\/\/www.portalmantena.com.br\/novo\/wp-content\/uploads\/2017\/08\/tempo0408amigos3-300x193.jpg 300w, http:\/\/www.portalmantena.com.br\/novo\/wp-content\/uploads\/2017\/08\/tempo0408amigos3-696x447.jpg 696w, http:\/\/www.portalmantena.com.br\/novo\/wp-content\/uploads\/2017\/08\/tempo0408amigos3-653x420.jpg 653w\" sizes=\"(max-width: 700px) 100vw, 700px\" \/><\/a><\/span><\/span><\/p>\n<p>Em Mantena, uma marca da cidade era sempre as turmas numerosas de amigos que sempre se encontravam e faziam aquela festa. Nesta foto vemos muitos mantenenses conhecidos, muitos deles ainda residem na cidade. Identificamos:Gilmar (Mala V\u00e9ia), Gilberto (furmig\u00e3o), Russo, Guar\u00e1, iko, Francisquinho Assis, Niltim , Marcos Emerick, Candi, Gilmar, Genilton Prado,Silvio, Celso. Em baixo Agnaldo Alvim, Paulinho Moreira, Bruno Rocha, Marcos Mendes, Moacir Siqueira (in memoriam), Anderson Bonisson e Adri\u00e3ozinho.<\/p>\n","protected":false},"excerpt":{"rendered":"<p>TempoBOM\u00a0uma saudade da nossa hist\u00f3ria Em Mantena, uma marca da cidade era sempre as turmas numerosas de amigos que sempre se encontravam e faziam aquela festa. Nesta foto vemos muitos mantenenses conhecidos, muitos deles ainda residem na cidade. Identificamos:Gilmar (Mala V\u00e9ia), Gilberto (furmig\u00e3o), Russo, Guar\u00e1, iko, Francisquinho Assis, Niltim , Marcos Emerick, Candi, Gilmar, Genilton [&hellip;]<\/p>\n","protected":false},"author":1,"featured_media":13173,"comment_status":"open","ping_status":"open","sticky":false,"template":"","format":"standard","meta":[],"categories":[57],"tags":[],"_links":{"self":[{"href":"http:\/\/www.portalmantena.com.br\/novo\/index.php?rest_route=\/wp\/v2\/posts\/13172"}],"collection":[{"href":"http:\/\/www.portalmantena.com.br\/novo\/index.php?rest_route=\/wp\/v2\/posts"}],"about":[{"href":"http:\/\/www.portalmantena.com.br\/novo\/index.php?rest_route=\/wp\/v2\/types\/post"}],"author":[{"embeddable":true,"href":"http:\/\/www.portalmantena.com.br\/novo\/index.php?rest_route=\/wp\/v2\/users\/1"}],"replies":[{"embeddable":true,"href":"http:\/\/www.portalmantena.com.br\/novo\/index.php?rest_route=%2Fwp%2Fv2%2Fcomments&post=13172"}],"version-history":[{"count":2,"href":"http:\/\/www.portalmantena.com.br\/novo\/index.php?rest_route=\/wp\/v2\/posts\/13172\/revisions"}],"predecessor-version":[{"id":13280,"href":"http:\/\/www.portalmantena.com.br\/novo\/index.php?rest_route=\/wp\/v2\/posts\/13172\/revisions\/13280"}],"wp:featuredmedia":[{"embeddable":true,"href":"http:\/\/www.portalmantena.com.br\/novo\/index.php?rest_route=\/wp\/v2\/media\/13173"}],"wp:attachment":[{"href":"http:\/\/www.portalmantena.com.br\/novo\/index.php?rest_route=%2Fwp%2Fv2%2Fmedia&parent=13172"}],"wp:term":[{"taxonomy":"category","embeddable":true,"href":"http:\/\/www.portalmantena.com.br\/novo\/index.php?rest_route=%2Fwp%2Fv2%2Fcategories&post=13172"},{"taxonomy":"post_tag","embeddable":true,"href":"http:\/\/www.portalmantena.com.br\/novo\/index.php?rest_route=%2Fwp%2Fv2%2Ftags&post=13172"}],"curies":[{"name":"wp","href":"https:\/\/api.w.org\/{rel}","templated":true}]}}