{"id":13085,"date":"2017-08-04T07:58:23","date_gmt":"2017-08-04T10:58:23","guid":{"rendered":"http:\/\/www.portalmantena.com.br\/novo\/?p=13085"},"modified":"2017-08-04T08:00:47","modified_gmt":"2017-08-04T11:00:47","slug":"deputado-federal-faz-indicacao-de-verba-para-pavimentacao-e-drenagem-em-mantena","status":"publish","type":"post","link":"http:\/\/www.portalmantena.com.br\/novo\/?p=13085","title":{"rendered":"Deputado Federal faz indica\u00e7\u00e3o de verba para Pavimenta\u00e7\u00e3o e Drenagem em Mantena"},"content":{"rendered":"<p><a href=\"http:\/\/www.portalmantena.com.br\/novo\/wp-content\/uploads\/2017\/08\/no030817obras.jpg\"><img loading=\"lazy\" class=\"alignnone size-full wp-image-13086\" src=\"http:\/\/www.portalmantena.com.br\/novo\/wp-content\/uploads\/2017\/08\/no030817obras.jpg\" alt=\"\" width=\"700\" height=\"450\" srcset=\"http:\/\/www.portalmantena.com.br\/novo\/wp-content\/uploads\/2017\/08\/no030817obras.jpg 700w, http:\/\/www.portalmantena.com.br\/novo\/wp-content\/uploads\/2017\/08\/no030817obras-300x193.jpg 300w, http:\/\/www.portalmantena.com.br\/novo\/wp-content\/uploads\/2017\/08\/no030817obras-696x447.jpg 696w, http:\/\/www.portalmantena.com.br\/novo\/wp-content\/uploads\/2017\/08\/no030817obras-653x420.jpg 653w\" sizes=\"(max-width: 700px) 100vw, 700px\" \/><\/a><\/p>\n<p><span style=\"font-size: 14pt;\">A busca por benef\u00edcios que melhorem a vida dos mantenenses vem se fortalecendo entre os pol\u00edticos que realmente desejam fazer algo para mudar a realidade local. <\/span><\/p>\n<p><span style=\"font-size: 14pt;\">Tem sido assim em Mantena, principalmente na atual gest\u00e3o onde tanto representantes do executivo como legislativo vem se empenando para conseguir recursos federais para melhorias na infra estrutura da cidade. <\/span><\/p>\n<p><span style=\"font-size: 14pt;\">O prefeito municipal Jo\u00e3o Rufino, e o presidente da C\u00e2mara Municipal de Mantena, vereador Rob\u00e9rio Francisco Costa (Rob\u00e9rio do Sindicato), receberam uma \u00f3tima not\u00edcia esta semana, vindas do gabinete do deputado federal Renzo Braz (PP\/MG). <\/span><\/p>\n<p><span style=\"font-size: 14pt;\">Segundo a correspond\u00eancia o parlamentar comunica que o minist\u00e9rio das cidades, atendendo ao pedido do deputado, autorizou o empenho no valor de R$ 394.200,00 (Trezentos e noventa e quatro mil e duzentos reais), atrav\u00e9s da indica\u00e7\u00e3o junto ao Or\u00e7amento Geral da Uni\u00e3o 2017 para a Prefeitura Municipal de Mantena, conforme nota de empenho N\u00ba 2017NE802939 emitida em 28 de Julho de 2017. O empenho tem como objetivo a Pavimenta\u00e7\u00e3o e Drenagem Pluvial de Diversas Vias P\u00fablicas na cidade. <\/span><\/p>\n<p><span style=\"font-size: 14pt;\">O vereador Rob\u00e9rio confirmou junto \u00e0 reda\u00e7\u00e3o do portalmantena que a reivindica\u00e7\u00e3o de benef\u00edcios para Mantena tem sido uma preocupa\u00e7\u00e3o constante sua, principalmente junto a parlamentares amigos de Mantena como o deputado federal Henzo Braz, que j\u00e1 sinalizou que ir\u00e1 contribuir sim para o progresso do munic\u00edpio, e isso vem acontecendo. \u00a0<\/span><\/p>\n<p><span style=\"font-size: 14pt;\"><a href=\"http:\/\/www.portalmantena.com.br\/novo\/wp-content\/uploads\/2017\/08\/no030817obras2.jpg\"><img loading=\"lazy\" class=\"alignnone size-full wp-image-13087\" src=\"http:\/\/www.portalmantena.com.br\/novo\/wp-content\/uploads\/2017\/08\/no030817obras2.jpg\" alt=\"\" width=\"700\" height=\"450\" srcset=\"http:\/\/www.portalmantena.com.br\/novo\/wp-content\/uploads\/2017\/08\/no030817obras2.jpg 700w, http:\/\/www.portalmantena.com.br\/novo\/wp-content\/uploads\/2017\/08\/no030817obras2-300x193.jpg 300w, http:\/\/www.portalmantena.com.br\/novo\/wp-content\/uploads\/2017\/08\/no030817obras2-696x447.jpg 696w, http:\/\/www.portalmantena.com.br\/novo\/wp-content\/uploads\/2017\/08\/no030817obras2-653x420.jpg 653w\" sizes=\"(max-width: 700px) 100vw, 700px\" \/><\/a><\/span><\/p>\n","protected":false},"excerpt":{"rendered":"<p>A busca por benef\u00edcios que melhorem a vida dos mantenenses vem se fortalecendo entre os pol\u00edticos que realmente desejam fazer algo para mudar a realidade local. Tem sido assim em Mantena, principalmente na atual gest\u00e3o onde tanto representantes do executivo como legislativo vem se empenando para conseguir recursos federais para melhorias na infra estrutura da [&hellip;]<\/p>\n","protected":false},"author":1,"featured_media":13086,"comment_status":"open","ping_status":"open","sticky":false,"template":"","format":"standard","meta":[],"categories":[12,33],"tags":[],"_links":{"self":[{"href":"http:\/\/www.portalmantena.com.br\/novo\/index.php?rest_route=\/wp\/v2\/posts\/13085"}],"collection":[{"href":"http:\/\/www.portalmantena.com.br\/novo\/index.php?rest_route=\/wp\/v2\/posts"}],"about":[{"href":"http:\/\/www.portalmantena.com.br\/novo\/index.php?rest_route=\/wp\/v2\/types\/post"}],"author":[{"embeddable":true,"href":"http:\/\/www.portalmantena.com.br\/novo\/index.php?rest_route=\/wp\/v2\/users\/1"}],"replies":[{"embeddable":true,"href":"http:\/\/www.portalmantena.com.br\/novo\/index.php?rest_route=%2Fwp%2Fv2%2Fcomments&post=13085"}],"version-history":[{"count":3,"href":"http:\/\/www.portalmantena.com.br\/novo\/index.php?rest_route=\/wp\/v2\/posts\/13085\/revisions"}],"predecessor-version":[{"id":13090,"href":"http:\/\/www.portalmantena.com.br\/novo\/index.php?rest_route=\/wp\/v2\/posts\/13085\/revisions\/13090"}],"wp:featuredmedia":[{"embeddable":true,"href":"http:\/\/www.portalmantena.com.br\/novo\/index.php?rest_route=\/wp\/v2\/media\/13086"}],"wp:attachment":[{"href":"http:\/\/www.portalmantena.com.br\/novo\/index.php?rest_route=%2Fwp%2Fv2%2Fmedia&parent=13085"}],"wp:term":[{"taxonomy":"category","embeddable":true,"href":"http:\/\/www.portalmantena.com.br\/novo\/index.php?rest_route=%2Fwp%2Fv2%2Fcategories&post=13085"},{"taxonomy":"post_tag","embeddable":true,"href":"http:\/\/www.portalmantena.com.br\/novo\/index.php?rest_route=%2Fwp%2Fv2%2Ftags&post=13085"}],"curies":[{"name":"wp","href":"https:\/\/api.w.org\/{rel}","templated":true}]}}