{"id":13068,"date":"2017-08-03T17:32:53","date_gmt":"2017-08-03T20:32:53","guid":{"rendered":"http:\/\/www.portalmantena.com.br\/novo\/?p=13068"},"modified":"2017-08-03T15:48:23","modified_gmt":"2017-08-03T18:48:23","slug":"motociclista-autor-de-roubo-no-centro-da-cidade-e-preso-pela-pm","status":"publish","type":"post","link":"http:\/\/www.portalmantena.com.br\/novo\/?p=13068","title":{"rendered":"Motociclista autor de roubo no centro da cidade \u00e9 preso pela PM"},"content":{"rendered":"<p><a href=\"http:\/\/www.portalmantena.com.br\/novo\/wp-content\/uploads\/2017\/08\/no030817roubo1.jpg\"><img loading=\"lazy\" class=\"alignnone size-full wp-image-13069\" src=\"http:\/\/www.portalmantena.com.br\/novo\/wp-content\/uploads\/2017\/08\/no030817roubo1.jpg\" alt=\"\" width=\"700\" height=\"450\" srcset=\"http:\/\/www.portalmantena.com.br\/novo\/wp-content\/uploads\/2017\/08\/no030817roubo1.jpg 700w, http:\/\/www.portalmantena.com.br\/novo\/wp-content\/uploads\/2017\/08\/no030817roubo1-300x193.jpg 300w, http:\/\/www.portalmantena.com.br\/novo\/wp-content\/uploads\/2017\/08\/no030817roubo1-696x447.jpg 696w, http:\/\/www.portalmantena.com.br\/novo\/wp-content\/uploads\/2017\/08\/no030817roubo1-653x420.jpg 653w\" sizes=\"(max-width: 700px) 100vw, 700px\" \/><\/a><\/p>\n<p><span style=\"font-size: 14pt;\">Mais uma vez, gra\u00e7as ao monitoramento de c\u00e2meras de vigil\u00e2ncia espalhados pela cidade de Mantena, principalmente na regi\u00e3o comercial, foi poss\u00edvel identificar e registrar o autor de um roubo, em que a v\u00edtima foi uma senhora na tarde desta quarta-feira dia 02 de Agosto. <\/span><\/p>\n<p><span style=\"font-size: 14pt;\">De posse de informa\u00e7\u00f5es do suspeito (foto), a pol\u00edcia militar ficou atenta. O suspeito utilizando uma moto honda Strada, de cor azul, havia roubado a bolsa de uma senhora. De acordo com informa\u00e7\u00f5es, ele passou de moto pr\u00f3ximo da v\u00edtima que estava em uma bicicleta e furtou sua bolsa, saindo em fuga. <\/span><\/p>\n<p><span style=\"font-size: 14pt;\">Na bolsa estavam documentos e um celular. Na manh\u00e3 desta quinta-feira dia 03 de agosto, policiais miliares rodovi\u00e1rios flagraram o suspeito na rua S\u00e3o Francisco, sentido Barra de S\u00e3o Francisco. Ele estava usando a mesma jaqueta e a moto que foi registrada nas imagens das c\u00e2meras (que rapidamente circularam pelas redes sociais, chamando aten\u00e7\u00e3o para quem pudesse ajudar na localiza\u00e7\u00e3o dos suspeito). <\/span><\/p>\n<p><span style=\"font-size: 14pt;\">Os policiais ent\u00e3o realizaram sua abordagem e sua pris\u00e3o, encaminhando o autor at\u00e9 a delegacia de pol\u00edcia. O celular da v\u00edtima foi recuperado pela PM.<\/span><\/p>\n<p><a href=\"http:\/\/www.portalmantena.com.br\/novo\/wp-content\/uploads\/2017\/08\/no030817roubo2.jpg\"><img loading=\"lazy\" class=\"alignnone size-full wp-image-13070\" src=\"http:\/\/www.portalmantena.com.br\/novo\/wp-content\/uploads\/2017\/08\/no030817roubo2.jpg\" alt=\"\" width=\"700\" height=\"450\" srcset=\"http:\/\/www.portalmantena.com.br\/novo\/wp-content\/uploads\/2017\/08\/no030817roubo2.jpg 700w, http:\/\/www.portalmantena.com.br\/novo\/wp-content\/uploads\/2017\/08\/no030817roubo2-300x193.jpg 300w, http:\/\/www.portalmantena.com.br\/novo\/wp-content\/uploads\/2017\/08\/no030817roubo2-696x447.jpg 696w, http:\/\/www.portalmantena.com.br\/novo\/wp-content\/uploads\/2017\/08\/no030817roubo2-653x420.jpg 653w\" sizes=\"(max-width: 700px) 100vw, 700px\" \/><\/a><\/p>\n","protected":false},"excerpt":{"rendered":"<p>Mais uma vez, gra\u00e7as ao monitoramento de c\u00e2meras de vigil\u00e2ncia espalhados pela cidade de Mantena, principalmente na regi\u00e3o comercial, foi poss\u00edvel identificar e registrar o autor de um roubo, em que a v\u00edtima foi uma senhora na tarde desta quarta-feira dia 02 de Agosto. De posse de informa\u00e7\u00f5es do suspeito (foto), a pol\u00edcia militar ficou [&hellip;]<\/p>\n","protected":false},"author":1,"featured_media":13069,"comment_status":"open","ping_status":"open","sticky":false,"template":"","format":"standard","meta":[],"categories":[11,34],"tags":[],"_links":{"self":[{"href":"http:\/\/www.portalmantena.com.br\/novo\/index.php?rest_route=\/wp\/v2\/posts\/13068"}],"collection":[{"href":"http:\/\/www.portalmantena.com.br\/novo\/index.php?rest_route=\/wp\/v2\/posts"}],"about":[{"href":"http:\/\/www.portalmantena.com.br\/novo\/index.php?rest_route=\/wp\/v2\/types\/post"}],"author":[{"embeddable":true,"href":"http:\/\/www.portalmantena.com.br\/novo\/index.php?rest_route=\/wp\/v2\/users\/1"}],"replies":[{"embeddable":true,"href":"http:\/\/www.portalmantena.com.br\/novo\/index.php?rest_route=%2Fwp%2Fv2%2Fcomments&post=13068"}],"version-history":[{"count":1,"href":"http:\/\/www.portalmantena.com.br\/novo\/index.php?rest_route=\/wp\/v2\/posts\/13068\/revisions"}],"predecessor-version":[{"id":13071,"href":"http:\/\/www.portalmantena.com.br\/novo\/index.php?rest_route=\/wp\/v2\/posts\/13068\/revisions\/13071"}],"wp:featuredmedia":[{"embeddable":true,"href":"http:\/\/www.portalmantena.com.br\/novo\/index.php?rest_route=\/wp\/v2\/media\/13069"}],"wp:attachment":[{"href":"http:\/\/www.portalmantena.com.br\/novo\/index.php?rest_route=%2Fwp%2Fv2%2Fmedia&parent=13068"}],"wp:term":[{"taxonomy":"category","embeddable":true,"href":"http:\/\/www.portalmantena.com.br\/novo\/index.php?rest_route=%2Fwp%2Fv2%2Fcategories&post=13068"},{"taxonomy":"post_tag","embeddable":true,"href":"http:\/\/www.portalmantena.com.br\/novo\/index.php?rest_route=%2Fwp%2Fv2%2Ftags&post=13068"}],"curies":[{"name":"wp","href":"https:\/\/api.w.org\/{rel}","templated":true}]}}