{"id":13058,"date":"2017-08-03T15:14:22","date_gmt":"2017-08-03T18:14:22","guid":{"rendered":"http:\/\/www.portalmantena.com.br\/novo\/?p=13058"},"modified":"2017-08-03T15:37:44","modified_gmt":"2017-08-03T18:37:44","slug":"mantena-futebol-clube-cidade-vendo-surgir-uma-equipe-forte","status":"publish","type":"post","link":"http:\/\/www.portalmantena.com.br\/novo\/?p=13058","title":{"rendered":"Mantena Futebol Clube, cidade vendo surgir uma equipe forte"},"content":{"rendered":"<p><a href=\"http:\/\/www.portalmantena.com.br\/novo\/wp-content\/uploads\/2017\/08\/no030817mantena1.jpg\"><img loading=\"lazy\" class=\"alignnone size-full wp-image-13059\" src=\"http:\/\/www.portalmantena.com.br\/novo\/wp-content\/uploads\/2017\/08\/no030817mantena1.jpg\" alt=\"\" width=\"700\" height=\"450\" srcset=\"http:\/\/www.portalmantena.com.br\/novo\/wp-content\/uploads\/2017\/08\/no030817mantena1.jpg 700w, http:\/\/www.portalmantena.com.br\/novo\/wp-content\/uploads\/2017\/08\/no030817mantena1-300x193.jpg 300w, http:\/\/www.portalmantena.com.br\/novo\/wp-content\/uploads\/2017\/08\/no030817mantena1-696x447.jpg 696w, http:\/\/www.portalmantena.com.br\/novo\/wp-content\/uploads\/2017\/08\/no030817mantena1-653x420.jpg 653w\" sizes=\"(max-width: 700px) 100vw, 700px\" \/><\/a><\/p>\n<p><span style=\"font-size: 14pt;\">Mantena ganhou no ano passado, uma nova equipe de futebol, o Mantena Futebol Clube que foi criada em outubro de 2016 e tr\u00e1s o nome da cidade e o escudo com as cores da bandeira de Mantena. <\/span><\/p>\n<p><span style=\"font-size: 14pt;\">O clube foi formado para disputar apenas competi\u00e7\u00f5es regionais, e no princ\u00edpio aconteceram por alguns meses, treinamentos no est\u00e1dio municipal Rafael de Carvalho, por\u00e9m, de acordo com a dire\u00e7\u00e3o do time, com o governo atual ainda n\u00e3o houve a possibilidade. <\/span><\/p>\n<p><span style=\"font-size: 14pt;\">A convite do secret\u00e1rio de esportes de Itabirinha, a equipe agora foi convidada a participar da primeira Copa Vale Verde de futebol, evento que ser\u00e1 disputado em duas sedes. Uma das sedes ser\u00e1 Itabirinha e outra em Mendes Pimentel. <\/span><\/p>\n<p><span style=\"font-size: 14pt;\">A competi\u00e7\u00e3o \u00e9 organizada pela R\u00e1dio Vale Verde 99,2 FM e os jogos ser\u00e3o transmitidos pela emissora para a regi\u00e3o. De acordo coma dire\u00e7\u00e3o do Mantena Futebol Clube, outros convites para participar de competi\u00e7\u00f5es neste n\u00edvel est\u00e3o surgindo, entre eles em Galil\u00e9ia, Divino das Laranjeiras e Floresta. <\/span><\/p>\n<p><span style=\"font-size: 14pt;\">O idealizador deste projeto, o esportista Del Silva, j\u00e1 est\u00e1 sendo abra\u00e7ado por apoiadores e segundo Del existe a possibilidade de acontecer um jogo amistoso contra o sub 20 do Cruzeiro. E a hist\u00f3ria do Mantena Futebol Clube j\u00e1 est\u00e1 sendo escrita, a equipe j\u00e1 est\u00e1 preparando todos os documentos para ser registrada, e j\u00e1 possuiu alguns materiais de uso pr\u00f3prio, mostrando assim o empenho da dire\u00e7\u00e3o para que o clube se torne forte e organizado.\u00a0<\/span><\/p>\n<p><a href=\"http:\/\/www.portalmantena.com.br\/novo\/wp-content\/uploads\/2017\/08\/no030817mantena2.jpg\"><img loading=\"lazy\" class=\"alignnone size-full wp-image-13060\" src=\"http:\/\/www.portalmantena.com.br\/novo\/wp-content\/uploads\/2017\/08\/no030817mantena2.jpg\" alt=\"\" width=\"700\" height=\"450\" srcset=\"http:\/\/www.portalmantena.com.br\/novo\/wp-content\/uploads\/2017\/08\/no030817mantena2.jpg 700w, http:\/\/www.portalmantena.com.br\/novo\/wp-content\/uploads\/2017\/08\/no030817mantena2-300x193.jpg 300w, http:\/\/www.portalmantena.com.br\/novo\/wp-content\/uploads\/2017\/08\/no030817mantena2-696x447.jpg 696w, http:\/\/www.portalmantena.com.br\/novo\/wp-content\/uploads\/2017\/08\/no030817mantena2-653x420.jpg 653w\" sizes=\"(max-width: 700px) 100vw, 700px\" \/><\/a> <a href=\"http:\/\/www.portalmantena.com.br\/novo\/wp-content\/uploads\/2017\/08\/no030817mantena3.jpg\"><img loading=\"lazy\" class=\"alignnone size-full wp-image-13061\" src=\"http:\/\/www.portalmantena.com.br\/novo\/wp-content\/uploads\/2017\/08\/no030817mantena3.jpg\" alt=\"\" width=\"700\" height=\"450\" srcset=\"http:\/\/www.portalmantena.com.br\/novo\/wp-content\/uploads\/2017\/08\/no030817mantena3.jpg 700w, http:\/\/www.portalmantena.com.br\/novo\/wp-content\/uploads\/2017\/08\/no030817mantena3-300x193.jpg 300w, http:\/\/www.portalmantena.com.br\/novo\/wp-content\/uploads\/2017\/08\/no030817mantena3-696x447.jpg 696w, http:\/\/www.portalmantena.com.br\/novo\/wp-content\/uploads\/2017\/08\/no030817mantena3-653x420.jpg 653w\" sizes=\"(max-width: 700px) 100vw, 700px\" \/><\/a> <a href=\"http:\/\/www.portalmantena.com.br\/novo\/wp-content\/uploads\/2017\/08\/no030817mantena4.jpg\"><img loading=\"lazy\" class=\"alignnone size-full wp-image-13062\" src=\"http:\/\/www.portalmantena.com.br\/novo\/wp-content\/uploads\/2017\/08\/no030817mantena4.jpg\" alt=\"\" width=\"700\" height=\"450\" srcset=\"http:\/\/www.portalmantena.com.br\/novo\/wp-content\/uploads\/2017\/08\/no030817mantena4.jpg 700w, http:\/\/www.portalmantena.com.br\/novo\/wp-content\/uploads\/2017\/08\/no030817mantena4-300x193.jpg 300w, http:\/\/www.portalmantena.com.br\/novo\/wp-content\/uploads\/2017\/08\/no030817mantena4-696x447.jpg 696w, http:\/\/www.portalmantena.com.br\/novo\/wp-content\/uploads\/2017\/08\/no030817mantena4-653x420.jpg 653w\" sizes=\"(max-width: 700px) 100vw, 700px\" \/><\/a><a href=\"http:\/\/www.portalmantena.com.br\/novo\/wp-content\/uploads\/2017\/08\/no030817mantena6.jpg\"><img loading=\"lazy\" class=\"alignnone size-full wp-image-13066\" src=\"http:\/\/www.portalmantena.com.br\/novo\/wp-content\/uploads\/2017\/08\/no030817mantena6.jpg\" alt=\"\" width=\"700\" height=\"450\" srcset=\"http:\/\/www.portalmantena.com.br\/novo\/wp-content\/uploads\/2017\/08\/no030817mantena6.jpg 700w, http:\/\/www.portalmantena.com.br\/novo\/wp-content\/uploads\/2017\/08\/no030817mantena6-300x193.jpg 300w, http:\/\/www.portalmantena.com.br\/novo\/wp-content\/uploads\/2017\/08\/no030817mantena6-696x447.jpg 696w, http:\/\/www.portalmantena.com.br\/novo\/wp-content\/uploads\/2017\/08\/no030817mantena6-653x420.jpg 653w\" sizes=\"(max-width: 700px) 100vw, 700px\" \/><\/a> <a href=\"http:\/\/www.portalmantena.com.br\/novo\/wp-content\/uploads\/2017\/08\/no030817mantena5.jpg\"><img loading=\"lazy\" class=\"alignnone size-full wp-image-13063\" src=\"http:\/\/www.portalmantena.com.br\/novo\/wp-content\/uploads\/2017\/08\/no030817mantena5.jpg\" alt=\"\" width=\"700\" height=\"450\" srcset=\"http:\/\/www.portalmantena.com.br\/novo\/wp-content\/uploads\/2017\/08\/no030817mantena5.jpg 700w, http:\/\/www.portalmantena.com.br\/novo\/wp-content\/uploads\/2017\/08\/no030817mantena5-300x193.jpg 300w, http:\/\/www.portalmantena.com.br\/novo\/wp-content\/uploads\/2017\/08\/no030817mantena5-696x447.jpg 696w, http:\/\/www.portalmantena.com.br\/novo\/wp-content\/uploads\/2017\/08\/no030817mantena5-653x420.jpg 653w\" sizes=\"(max-width: 700px) 100vw, 700px\" \/><\/a><\/p>\n","protected":false},"excerpt":{"rendered":"<p>Mantena ganhou no ano passado, uma nova equipe de futebol, o Mantena Futebol Clube que foi criada em outubro de 2016 e tr\u00e1s o nome da cidade e o escudo com as cores da bandeira de Mantena. O clube foi formado para disputar apenas competi\u00e7\u00f5es regionais, e no princ\u00edpio aconteceram por alguns meses, treinamentos no [&hellip;]<\/p>\n","protected":false},"author":1,"featured_media":13059,"comment_status":"open","ping_status":"open","sticky":false,"template":"","format":"standard","meta":[],"categories":[22],"tags":[],"_links":{"self":[{"href":"http:\/\/www.portalmantena.com.br\/novo\/index.php?rest_route=\/wp\/v2\/posts\/13058"}],"collection":[{"href":"http:\/\/www.portalmantena.com.br\/novo\/index.php?rest_route=\/wp\/v2\/posts"}],"about":[{"href":"http:\/\/www.portalmantena.com.br\/novo\/index.php?rest_route=\/wp\/v2\/types\/post"}],"author":[{"embeddable":true,"href":"http:\/\/www.portalmantena.com.br\/novo\/index.php?rest_route=\/wp\/v2\/users\/1"}],"replies":[{"embeddable":true,"href":"http:\/\/www.portalmantena.com.br\/novo\/index.php?rest_route=%2Fwp%2Fv2%2Fcomments&post=13058"}],"version-history":[{"count":2,"href":"http:\/\/www.portalmantena.com.br\/novo\/index.php?rest_route=\/wp\/v2\/posts\/13058\/revisions"}],"predecessor-version":[{"id":13067,"href":"http:\/\/www.portalmantena.com.br\/novo\/index.php?rest_route=\/wp\/v2\/posts\/13058\/revisions\/13067"}],"wp:featuredmedia":[{"embeddable":true,"href":"http:\/\/www.portalmantena.com.br\/novo\/index.php?rest_route=\/wp\/v2\/media\/13059"}],"wp:attachment":[{"href":"http:\/\/www.portalmantena.com.br\/novo\/index.php?rest_route=%2Fwp%2Fv2%2Fmedia&parent=13058"}],"wp:term":[{"taxonomy":"category","embeddable":true,"href":"http:\/\/www.portalmantena.com.br\/novo\/index.php?rest_route=%2Fwp%2Fv2%2Fcategories&post=13058"},{"taxonomy":"post_tag","embeddable":true,"href":"http:\/\/www.portalmantena.com.br\/novo\/index.php?rest_route=%2Fwp%2Fv2%2Ftags&post=13058"}],"curies":[{"name":"wp","href":"https:\/\/api.w.org\/{rel}","templated":true}]}}