{"id":13052,"date":"2017-08-04T05:09:10","date_gmt":"2017-08-04T08:09:10","guid":{"rendered":"http:\/\/www.portalmantena.com.br\/novo\/?p=13052"},"modified":"2017-08-03T11:10:32","modified_gmt":"2017-08-03T14:10:32","slug":"governo-capixaba-quer-regularizar-1-307-lotes-em-mantenopolis","status":"publish","type":"post","link":"http:\/\/www.portalmantena.com.br\/novo\/?p=13052","title":{"rendered":"Governo capixaba quer regularizar 1.307 lotes em Manten\u00f3polis"},"content":{"rendered":"<p><a href=\"http:\/\/www.portalmantena.com.br\/novo\/wp-content\/uploads\/2017\/08\/no030817terras.jpg\"><img loading=\"lazy\" class=\"alignnone size-full wp-image-13053\" src=\"http:\/\/www.portalmantena.com.br\/novo\/wp-content\/uploads\/2017\/08\/no030817terras.jpg\" alt=\"\" width=\"700\" height=\"450\" srcset=\"http:\/\/www.portalmantena.com.br\/novo\/wp-content\/uploads\/2017\/08\/no030817terras.jpg 700w, http:\/\/www.portalmantena.com.br\/novo\/wp-content\/uploads\/2017\/08\/no030817terras-300x193.jpg 300w, http:\/\/www.portalmantena.com.br\/novo\/wp-content\/uploads\/2017\/08\/no030817terras-696x447.jpg 696w, http:\/\/www.portalmantena.com.br\/novo\/wp-content\/uploads\/2017\/08\/no030817terras-653x420.jpg 653w\" sizes=\"(max-width: 700px) 100vw, 700px\" \/><\/a><\/p>\n<p><span style=\"font-size: 14pt;\">O governo capixaba enviou \u00e0 Assembleia Legislativa um projeto de lei que autoriza a doa\u00e7\u00e3o de terras devolutas urbanas ao munic\u00edpio de Manten\u00f3polis. <\/span><\/p>\n<p><span style=\"font-size: 14pt;\">O PL 278\/2017 trata da doa\u00e7\u00e3o de oito glebas de terra, identificadas pelo Instituto de Defesa Agropecu\u00e1ria e Florestal do Esp\u00edrito Santo (Idaf). Segundo o governo, a iniciativa possibilitar\u00e1 a regulariza\u00e7\u00e3o fundi\u00e1ria de 1.307 lotes.\u00a0<\/span><\/p>\n<p><span style=\"font-size: 14pt;\">As \u00e1reas totalizam 831 mil metros quadrados e est\u00e3o localizadas na sede do munic\u00edpio e nos distritos de S\u00e3o Jos\u00e9, S\u00e3o Geraldo e Santa Luzia. <\/span><\/p>\n<p><span style=\"font-size: 14pt;\">De acordo com o governador Paulo Hartung (PMDB), a doa\u00e7\u00e3o viabilizar\u00e1 a obten\u00e7\u00e3o de t\u00edtulos de propriedade, o acesso \u00e0s pol\u00edticas p\u00fablicas de inclus\u00e3o social e de financiamento habitacional, bem como a melhoria da gest\u00e3o e da arrecada\u00e7\u00e3o do munic\u00edpio.<\/span><\/p>\n","protected":false},"excerpt":{"rendered":"<p>O governo capixaba enviou \u00e0 Assembleia Legislativa um projeto de lei que autoriza a doa\u00e7\u00e3o de terras devolutas urbanas ao munic\u00edpio de Manten\u00f3polis. O PL 278\/2017 trata da doa\u00e7\u00e3o de oito glebas de terra, identificadas pelo Instituto de Defesa Agropecu\u00e1ria e Florestal do Esp\u00edrito Santo (Idaf). Segundo o governo, a iniciativa possibilitar\u00e1 a regulariza\u00e7\u00e3o fundi\u00e1ria [&hellip;]<\/p>\n","protected":false},"author":1,"featured_media":13053,"comment_status":"open","ping_status":"open","sticky":false,"template":"","format":"standard","meta":[],"categories":[11,39],"tags":[],"_links":{"self":[{"href":"http:\/\/www.portalmantena.com.br\/novo\/index.php?rest_route=\/wp\/v2\/posts\/13052"}],"collection":[{"href":"http:\/\/www.portalmantena.com.br\/novo\/index.php?rest_route=\/wp\/v2\/posts"}],"about":[{"href":"http:\/\/www.portalmantena.com.br\/novo\/index.php?rest_route=\/wp\/v2\/types\/post"}],"author":[{"embeddable":true,"href":"http:\/\/www.portalmantena.com.br\/novo\/index.php?rest_route=\/wp\/v2\/users\/1"}],"replies":[{"embeddable":true,"href":"http:\/\/www.portalmantena.com.br\/novo\/index.php?rest_route=%2Fwp%2Fv2%2Fcomments&post=13052"}],"version-history":[{"count":1,"href":"http:\/\/www.portalmantena.com.br\/novo\/index.php?rest_route=\/wp\/v2\/posts\/13052\/revisions"}],"predecessor-version":[{"id":13054,"href":"http:\/\/www.portalmantena.com.br\/novo\/index.php?rest_route=\/wp\/v2\/posts\/13052\/revisions\/13054"}],"wp:featuredmedia":[{"embeddable":true,"href":"http:\/\/www.portalmantena.com.br\/novo\/index.php?rest_route=\/wp\/v2\/media\/13053"}],"wp:attachment":[{"href":"http:\/\/www.portalmantena.com.br\/novo\/index.php?rest_route=%2Fwp%2Fv2%2Fmedia&parent=13052"}],"wp:term":[{"taxonomy":"category","embeddable":true,"href":"http:\/\/www.portalmantena.com.br\/novo\/index.php?rest_route=%2Fwp%2Fv2%2Fcategories&post=13052"},{"taxonomy":"post_tag","embeddable":true,"href":"http:\/\/www.portalmantena.com.br\/novo\/index.php?rest_route=%2Fwp%2Fv2%2Ftags&post=13052"}],"curies":[{"name":"wp","href":"https:\/\/api.w.org\/{rel}","templated":true}]}}