{"id":13045,"date":"2017-08-03T09:40:13","date_gmt":"2017-08-03T12:40:13","guid":{"rendered":"http:\/\/www.portalmantena.com.br\/novo\/?p=13045"},"modified":"2017-08-03T09:40:13","modified_gmt":"2017-08-03T12:40:13","slug":"neste-domingo-comeca-a-copa-norte-de-futebol-em-bsf","status":"publish","type":"post","link":"http:\/\/www.portalmantena.com.br\/novo\/?p=13045","title":{"rendered":"Neste domingo come\u00e7a a Copa Norte de Futebol em BSF"},"content":{"rendered":"<p><a href=\"http:\/\/www.portalmantena.com.br\/novo\/wp-content\/uploads\/2017\/08\/no030817campo.jpg\"><img loading=\"lazy\" class=\"alignnone size-full wp-image-13046\" src=\"http:\/\/www.portalmantena.com.br\/novo\/wp-content\/uploads\/2017\/08\/no030817campo.jpg\" alt=\"\" width=\"700\" height=\"450\" srcset=\"http:\/\/www.portalmantena.com.br\/novo\/wp-content\/uploads\/2017\/08\/no030817campo.jpg 700w, http:\/\/www.portalmantena.com.br\/novo\/wp-content\/uploads\/2017\/08\/no030817campo-300x193.jpg 300w, http:\/\/www.portalmantena.com.br\/novo\/wp-content\/uploads\/2017\/08\/no030817campo-696x447.jpg 696w, http:\/\/www.portalmantena.com.br\/novo\/wp-content\/uploads\/2017\/08\/no030817campo-653x420.jpg 653w\" sizes=\"(max-width: 700px) 100vw, 700px\" \/><\/a><\/p>\n<p class=\"content-textcontainer\" style=\"margin: 0cm; margin-bottom: .0001pt; background: white; vertical-align: baseline;\"><span style=\"font-size: 14pt;\">No pr\u00f3ximo domingo dia 06 de agosto, acontecer\u00e1 por diversos campos de futebol no munic\u00edpio de Barra de S\u00e3o Francisco, a abertura oficial da Copa Rural de Futebol 2017. <\/span><\/p>\n<p class=\"content-textcontainer\" style=\"margin: 0cm; margin-bottom: .0001pt; background: white; vertical-align: baseline;\">\n<p class=\"content-textcontainer\" style=\"margin: 0cm; margin-bottom: .0001pt; background: white; vertical-align: baseline;\"><span style=\"font-size: 14pt;\">\u00c0s 13 horas no campo do Denzol, jogam os times do Denzol x Formiga, e no mesmo hor\u00e1rio no campo da Vaquejada, jogam as equipes do Boa Sorte x Carambola. <\/span><\/p>\n<p class=\"content-textcontainer\" style=\"margin: 0cm; margin-bottom: .0001pt; background: white; vertical-align: baseline;\">\n<p class=\"content-textcontainer\" style=\"margin: 0cm; margin-bottom: .0001pt; background: white; vertical-align: baseline;\"><span style=\"font-size: 14pt;\">A competi\u00e7\u00e3o \u00e9 uma realiza\u00e7\u00e3o da Prefeitura Municipal de Barra de S\u00e3o Francisco atrav\u00e9s da Secretaria Municipal de Esportes, Turismo e Lazer.<\/span><\/p>\n<p>&nbsp;<\/p>\n","protected":false},"excerpt":{"rendered":"<p>No pr\u00f3ximo domingo dia 06 de agosto, acontecer\u00e1 por diversos campos de futebol no munic\u00edpio de Barra de S\u00e3o Francisco, a abertura oficial da Copa Rural de Futebol 2017. \u00c0s 13 horas no campo do Denzol, jogam os times do Denzol x Formiga, e no mesmo hor\u00e1rio no campo da Vaquejada, jogam as equipes do [&hellip;]<\/p>\n","protected":false},"author":1,"featured_media":13046,"comment_status":"open","ping_status":"open","sticky":false,"template":"","format":"standard","meta":[],"categories":[22],"tags":[],"_links":{"self":[{"href":"http:\/\/www.portalmantena.com.br\/novo\/index.php?rest_route=\/wp\/v2\/posts\/13045"}],"collection":[{"href":"http:\/\/www.portalmantena.com.br\/novo\/index.php?rest_route=\/wp\/v2\/posts"}],"about":[{"href":"http:\/\/www.portalmantena.com.br\/novo\/index.php?rest_route=\/wp\/v2\/types\/post"}],"author":[{"embeddable":true,"href":"http:\/\/www.portalmantena.com.br\/novo\/index.php?rest_route=\/wp\/v2\/users\/1"}],"replies":[{"embeddable":true,"href":"http:\/\/www.portalmantena.com.br\/novo\/index.php?rest_route=%2Fwp%2Fv2%2Fcomments&post=13045"}],"version-history":[{"count":1,"href":"http:\/\/www.portalmantena.com.br\/novo\/index.php?rest_route=\/wp\/v2\/posts\/13045\/revisions"}],"predecessor-version":[{"id":13047,"href":"http:\/\/www.portalmantena.com.br\/novo\/index.php?rest_route=\/wp\/v2\/posts\/13045\/revisions\/13047"}],"wp:featuredmedia":[{"embeddable":true,"href":"http:\/\/www.portalmantena.com.br\/novo\/index.php?rest_route=\/wp\/v2\/media\/13046"}],"wp:attachment":[{"href":"http:\/\/www.portalmantena.com.br\/novo\/index.php?rest_route=%2Fwp%2Fv2%2Fmedia&parent=13045"}],"wp:term":[{"taxonomy":"category","embeddable":true,"href":"http:\/\/www.portalmantena.com.br\/novo\/index.php?rest_route=%2Fwp%2Fv2%2Fcategories&post=13045"},{"taxonomy":"post_tag","embeddable":true,"href":"http:\/\/www.portalmantena.com.br\/novo\/index.php?rest_route=%2Fwp%2Fv2%2Ftags&post=13045"}],"curies":[{"name":"wp","href":"https:\/\/api.w.org\/{rel}","templated":true}]}}