{"id":13027,"date":"2017-08-03T09:03:32","date_gmt":"2017-08-03T12:03:32","guid":{"rendered":"http:\/\/www.portalmantena.com.br\/novo\/?p=13027"},"modified":"2017-08-03T09:05:39","modified_gmt":"2017-08-03T12:05:39","slug":"pms-da-159-cia-de-mantena-sao-destaque-em-torneio-de-abordagens-policiais","status":"publish","type":"post","link":"http:\/\/www.portalmantena.com.br\/novo\/?p=13027","title":{"rendered":"Policiais da 159 Cia de Mantena s\u00e3o destaque em torneio"},"content":{"rendered":"<p><a href=\"http:\/\/www.portalmantena.com.br\/novo\/wp-content\/uploads\/2017\/08\/no030817pm1.jpg\"><img loading=\"lazy\" class=\"alignnone size-full wp-image-13028\" src=\"http:\/\/www.portalmantena.com.br\/novo\/wp-content\/uploads\/2017\/08\/no030817pm1.jpg\" alt=\"\" width=\"700\" height=\"450\" srcset=\"http:\/\/www.portalmantena.com.br\/novo\/wp-content\/uploads\/2017\/08\/no030817pm1.jpg 700w, http:\/\/www.portalmantena.com.br\/novo\/wp-content\/uploads\/2017\/08\/no030817pm1-300x193.jpg 300w, http:\/\/www.portalmantena.com.br\/novo\/wp-content\/uploads\/2017\/08\/no030817pm1-696x447.jpg 696w, http:\/\/www.portalmantena.com.br\/novo\/wp-content\/uploads\/2017\/08\/no030817pm1-653x420.jpg 653w\" sizes=\"(max-width: 700px) 100vw, 700px\" \/><\/a><\/p>\n<p><span style=\"font-size: 14pt;\">Em comemora\u00e7\u00e3o ao anivers\u00e1rio de 65 anos do 6\u00ba Batalh\u00e3o, que aconteceu nesta quarta-feira dia 02 de agosto, uma equipe de Policiais Militares da 159\u00aaCia de Mantena, composta pelos Sargento Alexandre Silva Rocha, Cabo Marcelo Bragan\u00e7a e Cabo Humberto Rodrigues, participaram de um evento especial na cidade de Governador Valadares, onde est\u00e1 a sede do Batalh\u00e3o. <\/span><\/p>\n<p><span style=\"font-size: 14pt;\">Os militares mantenenses participaram do &#8220;Torneio de Abordagens Policiais&#8221; com outras equipes de Policiais da Companhia de Aimor\u00e9s e outras Companhias sediadas em Valadares. <\/span><\/p>\n<p><span style=\"font-size: 14pt;\">A participa\u00e7\u00e3o dos PMs de Mantena foi coroada com o t\u00edtulo de campe\u00e3o do Torneio. <\/span><\/p>\n<p><span style=\"font-size: 14pt;\">As equipes participaram de uma disputa em que atenderam uma ocorr\u00eancia policial simulada, com abordagem a 02 autores de roubo embarcados em uma motocicleta e que no momento da abordagem um dos autores fugiu e se escondeu em um im\u00f3vel, sendo necess\u00e1rio o emprego de t\u00e9cnicas policiais de abordagem a motocicletas e a edifica\u00e7\u00f5es. <\/span><\/p>\n<p><span style=\"font-size: 14pt;\">Com a vit\u00f3ria, a equipe composta por policiais de Mantena e S\u00e3o Jo\u00e3o do Manteninha, demonstraram que s\u00e3o altamente preparados para o correto atendimento \u00e0 comunidade e o enfrentamento da criminalidade com seguran\u00e7a e responsabilidade. Com certeza os policiais que servem a regi\u00e3o merecem todo reconhecimento pela dedica\u00e7\u00e3o e o esfor\u00e7o empregado na seguran\u00e7a de nossas comunidades.<\/span><\/p>\n<p><a href=\"http:\/\/www.portalmantena.com.br\/novo\/wp-content\/uploads\/2017\/08\/no030817pm2.jpg\"><img loading=\"lazy\" class=\"alignnone size-full wp-image-13029\" src=\"http:\/\/www.portalmantena.com.br\/novo\/wp-content\/uploads\/2017\/08\/no030817pm2.jpg\" alt=\"\" width=\"700\" height=\"450\" srcset=\"http:\/\/www.portalmantena.com.br\/novo\/wp-content\/uploads\/2017\/08\/no030817pm2.jpg 700w, http:\/\/www.portalmantena.com.br\/novo\/wp-content\/uploads\/2017\/08\/no030817pm2-300x193.jpg 300w, http:\/\/www.portalmantena.com.br\/novo\/wp-content\/uploads\/2017\/08\/no030817pm2-696x447.jpg 696w, http:\/\/www.portalmantena.com.br\/novo\/wp-content\/uploads\/2017\/08\/no030817pm2-653x420.jpg 653w\" sizes=\"(max-width: 700px) 100vw, 700px\" \/><\/a><\/p>\n","protected":false},"excerpt":{"rendered":"<p>Em comemora\u00e7\u00e3o ao anivers\u00e1rio de 65 anos do 6\u00ba Batalh\u00e3o, que aconteceu nesta quarta-feira dia 02 de agosto, uma equipe de Policiais Militares da 159\u00aaCia de Mantena, composta pelos Sargento Alexandre Silva Rocha, Cabo Marcelo Bragan\u00e7a e Cabo Humberto Rodrigues, participaram de um evento especial na cidade de Governador Valadares, onde est\u00e1 a sede do [&hellip;]<\/p>\n","protected":false},"author":1,"featured_media":13029,"comment_status":"open","ping_status":"open","sticky":false,"template":"","format":"standard","meta":[],"categories":[11,34],"tags":[],"_links":{"self":[{"href":"http:\/\/www.portalmantena.com.br\/novo\/index.php?rest_route=\/wp\/v2\/posts\/13027"}],"collection":[{"href":"http:\/\/www.portalmantena.com.br\/novo\/index.php?rest_route=\/wp\/v2\/posts"}],"about":[{"href":"http:\/\/www.portalmantena.com.br\/novo\/index.php?rest_route=\/wp\/v2\/types\/post"}],"author":[{"embeddable":true,"href":"http:\/\/www.portalmantena.com.br\/novo\/index.php?rest_route=\/wp\/v2\/users\/1"}],"replies":[{"embeddable":true,"href":"http:\/\/www.portalmantena.com.br\/novo\/index.php?rest_route=%2Fwp%2Fv2%2Fcomments&post=13027"}],"version-history":[{"count":3,"href":"http:\/\/www.portalmantena.com.br\/novo\/index.php?rest_route=\/wp\/v2\/posts\/13027\/revisions"}],"predecessor-version":[{"id":13033,"href":"http:\/\/www.portalmantena.com.br\/novo\/index.php?rest_route=\/wp\/v2\/posts\/13027\/revisions\/13033"}],"wp:featuredmedia":[{"embeddable":true,"href":"http:\/\/www.portalmantena.com.br\/novo\/index.php?rest_route=\/wp\/v2\/media\/13029"}],"wp:attachment":[{"href":"http:\/\/www.portalmantena.com.br\/novo\/index.php?rest_route=%2Fwp%2Fv2%2Fmedia&parent=13027"}],"wp:term":[{"taxonomy":"category","embeddable":true,"href":"http:\/\/www.portalmantena.com.br\/novo\/index.php?rest_route=%2Fwp%2Fv2%2Fcategories&post=13027"},{"taxonomy":"post_tag","embeddable":true,"href":"http:\/\/www.portalmantena.com.br\/novo\/index.php?rest_route=%2Fwp%2Fv2%2Ftags&post=13027"}],"curies":[{"name":"wp","href":"https:\/\/api.w.org\/{rel}","templated":true}]}}