{"id":12928,"date":"2017-08-01T16:42:39","date_gmt":"2017-08-01T19:42:39","guid":{"rendered":"http:\/\/www.portalmantena.com.br\/novo\/?p=12928"},"modified":"2017-08-01T16:42:39","modified_gmt":"2017-08-01T19:42:39","slug":"habilidade-de-piloto-pousa-aeronave-atingida-por-tempestade-de-granizo","status":"publish","type":"post","link":"http:\/\/www.portalmantena.com.br\/novo\/?p=12928","title":{"rendered":"Habilidade de piloto pousa aeronave atingida por tempestade de granizo"},"content":{"rendered":"<p><a href=\"http:\/\/www.portalmantena.com.br\/novo\/wp-content\/uploads\/2017\/08\/no010817mundo1.jpg\"><img loading=\"lazy\" class=\"alignnone size-full wp-image-12929\" src=\"http:\/\/www.portalmantena.com.br\/novo\/wp-content\/uploads\/2017\/08\/no010817mundo1.jpg\" alt=\"\" width=\"700\" height=\"450\" srcset=\"http:\/\/www.portalmantena.com.br\/novo\/wp-content\/uploads\/2017\/08\/no010817mundo1.jpg 700w, http:\/\/www.portalmantena.com.br\/novo\/wp-content\/uploads\/2017\/08\/no010817mundo1-300x193.jpg 300w, http:\/\/www.portalmantena.com.br\/novo\/wp-content\/uploads\/2017\/08\/no010817mundo1-696x447.jpg 696w, http:\/\/www.portalmantena.com.br\/novo\/wp-content\/uploads\/2017\/08\/no010817mundo1-653x420.jpg 653w\" sizes=\"(max-width: 700px) 100vw, 700px\" \/><\/a><\/p>\n<p><span style=\"font-size: 14pt;\">Os 121 passageiros de um Airbus A320 passaram por momentos de tens\u00e3o, na \u00faltima quinta-feira (27\/7), ap\u00f3s a aeronave turca em que estavam ser atingida por uma tempestade de granizo, que destruiu a parte frontal do avi\u00e3o e estra\u00e7alhou o vidro da cabine de comando, impedindo a vis\u00e3o do piloto. <\/span><\/p>\n<p><span style=\"font-size: 14pt;\">A aeronave, que seguia rumo a Ercan, no Chipre, precisou retornar ao local de partida, Istambul, dez minutos ap\u00f3s decolar, em vista da gravidade dos danos ao avi\u00e3o. Mesmo fechado para pousos e decolagens, por causa do tempo ruim, o aeroporto abriu uma exce\u00e7\u00e3o para que a empresa turca Atlas Global pousasse. <\/span><\/p>\n<p><span style=\"font-size: 14pt;\">Impossibilitado de enxergar a pista de pouso e sem conseguir utilizar o piloto autom\u00e1tico, que tamb\u00e9m foi destruido pelo granizo, o piloto ucraniano Alexander Akopov usou de experi\u00eancia e habilidade para pousar a aeronave no aeroporto de Istambul, Turquia.&#8221;Foi como nascer pela segunda vez&#8221;, afirmou ap\u00f3s pousar. O momento em que o avi\u00e3o consegue pousar foi filmado por um usu\u00e1rio do Facebook e divulgado na rede social. <\/span><\/p>\n<p><span style=\"font-size: 14pt;\">No v\u00eddeo, mesmo sem visibilidade e com a pista molhada, o pouso acontece, aparentemente, sem maiores dificuldades. O capit\u00e3o da aeronave explicou que n\u00e3o havia previs\u00e3o para a tempestade. &#8220;Nossos equipamentos n\u00e3o mostraram esse desastre clim\u00e1tico, mas o importante \u00e9 que todos est\u00e3o vivos&#8221;, contou. <\/span><\/p>\n<p><span style=\"font-size: 14pt;\">Testemunhas afirmaram que os granizos que atingiram o avi\u00e3o tinham o tamanho de ovos de galinha, segundo o jornal brit\u00e2nico Metro. Segundo o jornal brit\u00e2nico The Independent, o presidente ucraniano, Petro Poroshenko, ligou para o piloto logo ap\u00f3s o pouso, condecorado-o com a Ordem de Coragem Ucraniana pelo ato de bravura.<\/span><\/p>\n<p><a href=\"http:\/\/www.portalmantena.com.br\/novo\/wp-content\/uploads\/2017\/08\/no010817mundo2.jpg\"><img loading=\"lazy\" class=\"alignnone size-full wp-image-12930\" src=\"http:\/\/www.portalmantena.com.br\/novo\/wp-content\/uploads\/2017\/08\/no010817mundo2.jpg\" alt=\"\" width=\"700\" height=\"450\" srcset=\"http:\/\/www.portalmantena.com.br\/novo\/wp-content\/uploads\/2017\/08\/no010817mundo2.jpg 700w, http:\/\/www.portalmantena.com.br\/novo\/wp-content\/uploads\/2017\/08\/no010817mundo2-300x193.jpg 300w, http:\/\/www.portalmantena.com.br\/novo\/wp-content\/uploads\/2017\/08\/no010817mundo2-696x447.jpg 696w, http:\/\/www.portalmantena.com.br\/novo\/wp-content\/uploads\/2017\/08\/no010817mundo2-653x420.jpg 653w\" sizes=\"(max-width: 700px) 100vw, 700px\" \/><\/a><\/p>\n","protected":false},"excerpt":{"rendered":"<p>Os 121 passageiros de um Airbus A320 passaram por momentos de tens\u00e3o, na \u00faltima quinta-feira (27\/7), ap\u00f3s a aeronave turca em que estavam ser atingida por uma tempestade de granizo, que destruiu a parte frontal do avi\u00e3o e estra\u00e7alhou o vidro da cabine de comando, impedindo a vis\u00e3o do piloto. A aeronave, que seguia rumo [&hellip;]<\/p>\n","protected":false},"author":1,"featured_media":12930,"comment_status":"open","ping_status":"open","sticky":false,"template":"","format":"standard","meta":[],"categories":[51],"tags":[],"_links":{"self":[{"href":"http:\/\/www.portalmantena.com.br\/novo\/index.php?rest_route=\/wp\/v2\/posts\/12928"}],"collection":[{"href":"http:\/\/www.portalmantena.com.br\/novo\/index.php?rest_route=\/wp\/v2\/posts"}],"about":[{"href":"http:\/\/www.portalmantena.com.br\/novo\/index.php?rest_route=\/wp\/v2\/types\/post"}],"author":[{"embeddable":true,"href":"http:\/\/www.portalmantena.com.br\/novo\/index.php?rest_route=\/wp\/v2\/users\/1"}],"replies":[{"embeddable":true,"href":"http:\/\/www.portalmantena.com.br\/novo\/index.php?rest_route=%2Fwp%2Fv2%2Fcomments&post=12928"}],"version-history":[{"count":1,"href":"http:\/\/www.portalmantena.com.br\/novo\/index.php?rest_route=\/wp\/v2\/posts\/12928\/revisions"}],"predecessor-version":[{"id":12931,"href":"http:\/\/www.portalmantena.com.br\/novo\/index.php?rest_route=\/wp\/v2\/posts\/12928\/revisions\/12931"}],"wp:featuredmedia":[{"embeddable":true,"href":"http:\/\/www.portalmantena.com.br\/novo\/index.php?rest_route=\/wp\/v2\/media\/12930"}],"wp:attachment":[{"href":"http:\/\/www.portalmantena.com.br\/novo\/index.php?rest_route=%2Fwp%2Fv2%2Fmedia&parent=12928"}],"wp:term":[{"taxonomy":"category","embeddable":true,"href":"http:\/\/www.portalmantena.com.br\/novo\/index.php?rest_route=%2Fwp%2Fv2%2Fcategories&post=12928"},{"taxonomy":"post_tag","embeddable":true,"href":"http:\/\/www.portalmantena.com.br\/novo\/index.php?rest_route=%2Fwp%2Fv2%2Ftags&post=12928"}],"curies":[{"name":"wp","href":"https:\/\/api.w.org\/{rel}","templated":true}]}}