{"id":12926,"date":"2017-08-01T16:35:32","date_gmt":"2017-08-01T19:35:32","guid":{"rendered":"http:\/\/www.portalmantena.com.br\/novo\/?p=12926"},"modified":"2017-08-01T16:35:32","modified_gmt":"2017-08-01T19:35:32","slug":"parcelamento-de-salarios-de-servidores-em-mg-para-agosto-e-setembro","status":"publish","type":"post","link":"http:\/\/www.portalmantena.com.br\/novo\/?p=12926","title":{"rendered":"Parcelamento de sal\u00e1rios de servidores em MG para Agosto e Setembro"},"content":{"rendered":"<p><span style=\"font-size: 14pt;\">O governo de Minas Gerais divulgou nesta ter\u00e7a-feira (1\u00ba) a nova escala de pagamento do funcionalismo p\u00fablico estadual para agosto e setembro. Servidores que ganham at\u00e9 R$ 3 mil v\u00e3o receber o sal\u00e1rio de uma s\u00f3 vez, no dia 11 de agosto. <\/span><\/p>\n<p><span style=\"font-size: 14pt;\">Em setembro, ser\u00e1 no dia 13. Quem tem sal\u00e1rio de at\u00e9 R$ 6 mil vai receber em duas parcelas. Em agosto, as datas s\u00e3o 11 e 23; em setembro, dias 13 e 21.<\/span><\/p>\n<p><span style=\"font-size: 14pt;\">J\u00e1 quem ganha acima de R$ 6 mil, o parcelamento ser\u00e1 em tr\u00eas vezes. Em agosto, as datas s\u00e3o 11, 23 e 30; em setembro, 13, 21 e 27. O escalonamento \u00e9 feito desde fevereiro de 2016. O motivo apresentado pelo governo \u00e9 a crise financeira enfrentada pelo estado. <\/span><\/p>\n<p><span style=\"font-size: 14pt;\">O governo continua sob o decreto que reconhece a situa\u00e7\u00e3o de calamidade financeira em Minas Gerais. Ele permite ao estado manter os servi\u00e7os p\u00fablicos essenciais \u00e0 popula\u00e7\u00e3o.(fonte:g1)<\/span><\/p>\n","protected":false},"excerpt":{"rendered":"<p>O governo de Minas Gerais divulgou nesta ter\u00e7a-feira (1\u00ba) a nova escala de pagamento do funcionalismo p\u00fablico estadual para agosto e setembro. Servidores que ganham at\u00e9 R$ 3 mil v\u00e3o receber o sal\u00e1rio de uma s\u00f3 vez, no dia 11 de agosto. Em setembro, ser\u00e1 no dia 13. Quem tem sal\u00e1rio de at\u00e9 R$ 6 [&hellip;]<\/p>\n","protected":false},"author":1,"featured_media":0,"comment_status":"open","ping_status":"open","sticky":false,"template":"","format":"standard","meta":[],"categories":[24],"tags":[],"_links":{"self":[{"href":"http:\/\/www.portalmantena.com.br\/novo\/index.php?rest_route=\/wp\/v2\/posts\/12926"}],"collection":[{"href":"http:\/\/www.portalmantena.com.br\/novo\/index.php?rest_route=\/wp\/v2\/posts"}],"about":[{"href":"http:\/\/www.portalmantena.com.br\/novo\/index.php?rest_route=\/wp\/v2\/types\/post"}],"author":[{"embeddable":true,"href":"http:\/\/www.portalmantena.com.br\/novo\/index.php?rest_route=\/wp\/v2\/users\/1"}],"replies":[{"embeddable":true,"href":"http:\/\/www.portalmantena.com.br\/novo\/index.php?rest_route=%2Fwp%2Fv2%2Fcomments&post=12926"}],"version-history":[{"count":1,"href":"http:\/\/www.portalmantena.com.br\/novo\/index.php?rest_route=\/wp\/v2\/posts\/12926\/revisions"}],"predecessor-version":[{"id":12927,"href":"http:\/\/www.portalmantena.com.br\/novo\/index.php?rest_route=\/wp\/v2\/posts\/12926\/revisions\/12927"}],"wp:attachment":[{"href":"http:\/\/www.portalmantena.com.br\/novo\/index.php?rest_route=%2Fwp%2Fv2%2Fmedia&parent=12926"}],"wp:term":[{"taxonomy":"category","embeddable":true,"href":"http:\/\/www.portalmantena.com.br\/novo\/index.php?rest_route=%2Fwp%2Fv2%2Fcategories&post=12926"},{"taxonomy":"post_tag","embeddable":true,"href":"http:\/\/www.portalmantena.com.br\/novo\/index.php?rest_route=%2Fwp%2Fv2%2Ftags&post=12926"}],"curies":[{"name":"wp","href":"https:\/\/api.w.org\/{rel}","templated":true}]}}