{"id":12906,"date":"2017-08-01T17:26:22","date_gmt":"2017-08-01T20:26:22","guid":{"rendered":"http:\/\/www.portalmantena.com.br\/novo\/?p=12906"},"modified":"2017-08-01T13:48:39","modified_gmt":"2017-08-01T16:48:39","slug":"moto-roubada-em-mantena-e-recuperada-pela-policia-civil","status":"publish","type":"post","link":"http:\/\/www.portalmantena.com.br\/novo\/?p=12906","title":{"rendered":"Moto roubada em Mantena \u00e9 recuperada pela Pol\u00edcia Civil"},"content":{"rendered":"<p><a href=\"http:\/\/www.portalmantena.com.br\/novo\/wp-content\/uploads\/2017\/08\/no010817moto.jpg\"><img loading=\"lazy\" class=\"alignnone size-full wp-image-12907\" src=\"http:\/\/www.portalmantena.com.br\/novo\/wp-content\/uploads\/2017\/08\/no010817moto.jpg\" alt=\"\" width=\"700\" height=\"450\" srcset=\"http:\/\/www.portalmantena.com.br\/novo\/wp-content\/uploads\/2017\/08\/no010817moto.jpg 700w, http:\/\/www.portalmantena.com.br\/novo\/wp-content\/uploads\/2017\/08\/no010817moto-300x193.jpg 300w, http:\/\/www.portalmantena.com.br\/novo\/wp-content\/uploads\/2017\/08\/no010817moto-696x447.jpg 696w, http:\/\/www.portalmantena.com.br\/novo\/wp-content\/uploads\/2017\/08\/no010817moto-653x420.jpg 653w\" sizes=\"(max-width: 700px) 100vw, 700px\" \/><\/a><\/p>\n<p><span style=\"font-size: 14pt;\">Na manh\u00e3 desta ter\u00e7a-feira, primeiro dia do m\u00eas de Agosto, Investigadores da Delegacia de Pol\u00edcia de Mantena recuperaram uma motocicleta Honda CG Titan que havia sido furtada no \u00faltimo s\u00e1bado, dia 29 de Julho. <\/span><\/p>\n<p><span style=\"font-size: 14pt;\">O ve\u00edculo foi recuperado na resid\u00eancia de um adolescente, que teria utilizado uma chave de cadeado para ligar a moto e subtrair o ve\u00edculo. <\/span><\/p>\n<p><span style=\"font-size: 14pt;\">O adolescente foi encaminhado \u00e0 Delegacia, onde foi ouvido na presen\u00e7a de seu representante legal e em seguida liberado. <\/span><\/p>\n<p><span style=\"font-size: 14pt;\">O ve\u00edculo ser\u00e1 restitu\u00eddo \u00e0 v\u00edtima ap\u00f3s passar por vistoria.<\/span><\/p>\n","protected":false},"excerpt":{"rendered":"<p>Na manh\u00e3 desta ter\u00e7a-feira, primeiro dia do m\u00eas de Agosto, Investigadores da Delegacia de Pol\u00edcia de Mantena recuperaram uma motocicleta Honda CG Titan que havia sido furtada no \u00faltimo s\u00e1bado, dia 29 de Julho. O ve\u00edculo foi recuperado na resid\u00eancia de um adolescente, que teria utilizado uma chave de cadeado para ligar a moto e [&hellip;]<\/p>\n","protected":false},"author":1,"featured_media":12907,"comment_status":"open","ping_status":"open","sticky":false,"template":"","format":"standard","meta":[],"categories":[11,34],"tags":[],"_links":{"self":[{"href":"http:\/\/www.portalmantena.com.br\/novo\/index.php?rest_route=\/wp\/v2\/posts\/12906"}],"collection":[{"href":"http:\/\/www.portalmantena.com.br\/novo\/index.php?rest_route=\/wp\/v2\/posts"}],"about":[{"href":"http:\/\/www.portalmantena.com.br\/novo\/index.php?rest_route=\/wp\/v2\/types\/post"}],"author":[{"embeddable":true,"href":"http:\/\/www.portalmantena.com.br\/novo\/index.php?rest_route=\/wp\/v2\/users\/1"}],"replies":[{"embeddable":true,"href":"http:\/\/www.portalmantena.com.br\/novo\/index.php?rest_route=%2Fwp%2Fv2%2Fcomments&post=12906"}],"version-history":[{"count":1,"href":"http:\/\/www.portalmantena.com.br\/novo\/index.php?rest_route=\/wp\/v2\/posts\/12906\/revisions"}],"predecessor-version":[{"id":12908,"href":"http:\/\/www.portalmantena.com.br\/novo\/index.php?rest_route=\/wp\/v2\/posts\/12906\/revisions\/12908"}],"wp:featuredmedia":[{"embeddable":true,"href":"http:\/\/www.portalmantena.com.br\/novo\/index.php?rest_route=\/wp\/v2\/media\/12907"}],"wp:attachment":[{"href":"http:\/\/www.portalmantena.com.br\/novo\/index.php?rest_route=%2Fwp%2Fv2%2Fmedia&parent=12906"}],"wp:term":[{"taxonomy":"category","embeddable":true,"href":"http:\/\/www.portalmantena.com.br\/novo\/index.php?rest_route=%2Fwp%2Fv2%2Fcategories&post=12906"},{"taxonomy":"post_tag","embeddable":true,"href":"http:\/\/www.portalmantena.com.br\/novo\/index.php?rest_route=%2Fwp%2Fv2%2Ftags&post=12906"}],"curies":[{"name":"wp","href":"https:\/\/api.w.org\/{rel}","templated":true}]}}