{"id":12897,"date":"2017-08-01T11:38:04","date_gmt":"2017-08-01T14:38:04","guid":{"rendered":"http:\/\/www.portalmantena.com.br\/novo\/?p=12897"},"modified":"2017-08-01T11:40:53","modified_gmt":"2017-08-01T14:40:53","slug":"cantora-mantenense-faz-show-ao-vivo-e-voce-pode-acompanhar","status":"publish","type":"post","link":"http:\/\/www.portalmantena.com.br\/novo\/?p=12897","title":{"rendered":"Cantora mantenense faz show ao vivo e voc\u00ea pode acompanhar"},"content":{"rendered":"<p><a href=\"http:\/\/www.portalmantena.com.br\/novo\/wp-content\/uploads\/2017\/08\/no010817ia.jpg\"><img loading=\"lazy\" class=\"alignnone size-full wp-image-12899\" src=\"http:\/\/www.portalmantena.com.br\/novo\/wp-content\/uploads\/2017\/08\/no010817ia.jpg\" alt=\"\" width=\"700\" height=\"450\" srcset=\"http:\/\/www.portalmantena.com.br\/novo\/wp-content\/uploads\/2017\/08\/no010817ia.jpg 700w, http:\/\/www.portalmantena.com.br\/novo\/wp-content\/uploads\/2017\/08\/no010817ia-300x193.jpg 300w, http:\/\/www.portalmantena.com.br\/novo\/wp-content\/uploads\/2017\/08\/no010817ia-696x447.jpg 696w, http:\/\/www.portalmantena.com.br\/novo\/wp-content\/uploads\/2017\/08\/no010817ia-653x420.jpg 653w\" sizes=\"(max-width: 700px) 100vw, 700px\" \/><\/a><\/p>\n<p><span style=\"font-size: 14pt;\">A talentosa cantora mantenense, I\u00e1 Souza, participa na noite desta ter\u00e7a-feira dia 1\u00ba de Agosto de um projeto inovador, e os f\u00e3s e admiradores desta mantenense podem acompanhar tudo atrav\u00e9s de uma transmiss\u00e3o ao vivo que acontecer\u00e1 atrav\u00e9s do Facebook (sua Fanpage). <\/span><\/p>\n<p><span style=\"font-size: 14pt;\">\u00c0s 21h30\u2019 inicia a transmiss\u00e3o de uma s\u00e9rie de shows para os internautas assistirem de gra\u00e7a, e o melhor, sem levantar do sof\u00e1. <\/span><\/p>\n<p><span style=\"font-size: 14pt;\">A cantora mantenense invadir\u00e1 sua sala com sua banda para fazer um belo show. <strong>Como participar?<\/strong> Basta acessar a Fanpage da cantora e dar o play! \u201cTodo m\u00eas, um amigo diferente cede a casa para que eu possa levar os m\u00fasicos e alguns amigos. Do nosso lado, a gente faz todas aquelas m\u00fasicas para dan\u00e7ar e emocionar e transmite AO VIVO por aqui. Gostou? Ent\u00e3o, vem! Dia 01 de agosto. \u00c0s 21h30\u201d, \u00e9 o recado de I\u00e1 Souza para voc\u00ea. <\/span><\/p>\n<p><span style=\"font-size: 14pt;\">O link do Facebook de I\u00e1 Souza est\u00e1 <a href=\"https:\/\/www.facebook.com\/iamusica\/\">AQUI<\/a>, acesse e confira.<\/span><\/p>\n","protected":false},"excerpt":{"rendered":"<p>A talentosa cantora mantenense, I\u00e1 Souza, participa na noite desta ter\u00e7a-feira dia 1\u00ba de Agosto de um projeto inovador, e os f\u00e3s e admiradores desta mantenense podem acompanhar tudo atrav\u00e9s de uma transmiss\u00e3o ao vivo que acontecer\u00e1 atrav\u00e9s do Facebook (sua Fanpage). \u00c0s 21h30\u2019 inicia a transmiss\u00e3o de uma s\u00e9rie de shows para os internautas [&hellip;]<\/p>\n","protected":false},"author":1,"featured_media":12899,"comment_status":"open","ping_status":"open","sticky":false,"template":"","format":"standard","meta":[],"categories":[36,11],"tags":[],"_links":{"self":[{"href":"http:\/\/www.portalmantena.com.br\/novo\/index.php?rest_route=\/wp\/v2\/posts\/12897"}],"collection":[{"href":"http:\/\/www.portalmantena.com.br\/novo\/index.php?rest_route=\/wp\/v2\/posts"}],"about":[{"href":"http:\/\/www.portalmantena.com.br\/novo\/index.php?rest_route=\/wp\/v2\/types\/post"}],"author":[{"embeddable":true,"href":"http:\/\/www.portalmantena.com.br\/novo\/index.php?rest_route=\/wp\/v2\/users\/1"}],"replies":[{"embeddable":true,"href":"http:\/\/www.portalmantena.com.br\/novo\/index.php?rest_route=%2Fwp%2Fv2%2Fcomments&post=12897"}],"version-history":[{"count":3,"href":"http:\/\/www.portalmantena.com.br\/novo\/index.php?rest_route=\/wp\/v2\/posts\/12897\/revisions"}],"predecessor-version":[{"id":12902,"href":"http:\/\/www.portalmantena.com.br\/novo\/index.php?rest_route=\/wp\/v2\/posts\/12897\/revisions\/12902"}],"wp:featuredmedia":[{"embeddable":true,"href":"http:\/\/www.portalmantena.com.br\/novo\/index.php?rest_route=\/wp\/v2\/media\/12899"}],"wp:attachment":[{"href":"http:\/\/www.portalmantena.com.br\/novo\/index.php?rest_route=%2Fwp%2Fv2%2Fmedia&parent=12897"}],"wp:term":[{"taxonomy":"category","embeddable":true,"href":"http:\/\/www.portalmantena.com.br\/novo\/index.php?rest_route=%2Fwp%2Fv2%2Fcategories&post=12897"},{"taxonomy":"post_tag","embeddable":true,"href":"http:\/\/www.portalmantena.com.br\/novo\/index.php?rest_route=%2Fwp%2Fv2%2Ftags&post=12897"}],"curies":[{"name":"wp","href":"https:\/\/api.w.org\/{rel}","templated":true}]}}