{"id":12894,"date":"2017-08-01T11:23:33","date_gmt":"2017-08-01T14:23:33","guid":{"rendered":"http:\/\/www.portalmantena.com.br\/novo\/?p=12894"},"modified":"2017-08-01T11:23:33","modified_gmt":"2017-08-01T14:23:33","slug":"vem-ai-a-4a-edicao-do-futsal-de-grupos-do-whatsapp-em-mantena","status":"publish","type":"post","link":"http:\/\/www.portalmantena.com.br\/novo\/?p=12894","title":{"rendered":"Vem ai a 4\u00aa edi\u00e7\u00e3o do futsal de grupos do Whatsapp em Mantena"},"content":{"rendered":"<p><a href=\"http:\/\/www.portalmantena.com.br\/novo\/wp-content\/uploads\/2017\/08\/no010817jogo.jpg\"><img loading=\"lazy\" class=\"alignnone size-full wp-image-12895\" src=\"http:\/\/www.portalmantena.com.br\/novo\/wp-content\/uploads\/2017\/08\/no010817jogo.jpg\" alt=\"\" width=\"700\" height=\"450\" srcset=\"http:\/\/www.portalmantena.com.br\/novo\/wp-content\/uploads\/2017\/08\/no010817jogo.jpg 700w, http:\/\/www.portalmantena.com.br\/novo\/wp-content\/uploads\/2017\/08\/no010817jogo-300x193.jpg 300w, http:\/\/www.portalmantena.com.br\/novo\/wp-content\/uploads\/2017\/08\/no010817jogo-696x447.jpg 696w, http:\/\/www.portalmantena.com.br\/novo\/wp-content\/uploads\/2017\/08\/no010817jogo-653x420.jpg 653w\" sizes=\"(max-width: 700px) 100vw, 700px\" \/><\/a><\/p>\n<p><span style=\"font-size: 14pt;\">A partir desta ter\u00e7a-feira dia 02 de agosto, come\u00e7am as inscri\u00e7\u00f5es para a realiza\u00e7\u00e3o de mais um torneio entre grupos do Whatsapp de futsal em Mantena. <\/span><\/p>\n<p><span style=\"font-size: 14pt;\">Esta ser\u00e1 a 4\u00aa edi\u00e7\u00e3o do torneio, com previs\u00e3o de acontecer no m\u00eas de Setembro. <\/span><\/p>\n<p><span style=\"font-size: 14pt;\">O evento \u00e9 organizado pelo Grupo Fac\u00e7\u00e3o Vila Nova. <\/span><\/p>\n<p><span style=\"font-size: 14pt;\">As folhas ser\u00e3o distribu\u00eddas a partir desta ter\u00e7a feira dia 02 de agosto e o valor da inscri\u00e7\u00e3o \u00e9 de R$ 100 reais. Mais informa\u00e7\u00f5es entrem em contato com: Joyce\u00a0 pelo telefone: (33) 9 91983171, Jefim 9 91164428\u00a0<\/span><span style=\"font-size: 14pt;\">ou Ivan Curty: 9 88556099.<\/span><\/p>\n","protected":false},"excerpt":{"rendered":"<p>A partir desta ter\u00e7a-feira dia 02 de agosto, come\u00e7am as inscri\u00e7\u00f5es para a realiza\u00e7\u00e3o de mais um torneio entre grupos do Whatsapp de futsal em Mantena. Esta ser\u00e1 a 4\u00aa edi\u00e7\u00e3o do torneio, com previs\u00e3o de acontecer no m\u00eas de Setembro. O evento \u00e9 organizado pelo Grupo Fac\u00e7\u00e3o Vila Nova. As folhas ser\u00e3o distribu\u00eddas a [&hellip;]<\/p>\n","protected":false},"author":1,"featured_media":12895,"comment_status":"open","ping_status":"open","sticky":false,"template":"","format":"standard","meta":[],"categories":[22],"tags":[],"_links":{"self":[{"href":"http:\/\/www.portalmantena.com.br\/novo\/index.php?rest_route=\/wp\/v2\/posts\/12894"}],"collection":[{"href":"http:\/\/www.portalmantena.com.br\/novo\/index.php?rest_route=\/wp\/v2\/posts"}],"about":[{"href":"http:\/\/www.portalmantena.com.br\/novo\/index.php?rest_route=\/wp\/v2\/types\/post"}],"author":[{"embeddable":true,"href":"http:\/\/www.portalmantena.com.br\/novo\/index.php?rest_route=\/wp\/v2\/users\/1"}],"replies":[{"embeddable":true,"href":"http:\/\/www.portalmantena.com.br\/novo\/index.php?rest_route=%2Fwp%2Fv2%2Fcomments&post=12894"}],"version-history":[{"count":1,"href":"http:\/\/www.portalmantena.com.br\/novo\/index.php?rest_route=\/wp\/v2\/posts\/12894\/revisions"}],"predecessor-version":[{"id":12896,"href":"http:\/\/www.portalmantena.com.br\/novo\/index.php?rest_route=\/wp\/v2\/posts\/12894\/revisions\/12896"}],"wp:featuredmedia":[{"embeddable":true,"href":"http:\/\/www.portalmantena.com.br\/novo\/index.php?rest_route=\/wp\/v2\/media\/12895"}],"wp:attachment":[{"href":"http:\/\/www.portalmantena.com.br\/novo\/index.php?rest_route=%2Fwp%2Fv2%2Fmedia&parent=12894"}],"wp:term":[{"taxonomy":"category","embeddable":true,"href":"http:\/\/www.portalmantena.com.br\/novo\/index.php?rest_route=%2Fwp%2Fv2%2Fcategories&post=12894"},{"taxonomy":"post_tag","embeddable":true,"href":"http:\/\/www.portalmantena.com.br\/novo\/index.php?rest_route=%2Fwp%2Fv2%2Ftags&post=12894"}],"curies":[{"name":"wp","href":"https:\/\/api.w.org\/{rel}","templated":true}]}}