{"id":12886,"date":"2017-08-01T11:12:09","date_gmt":"2017-08-01T14:12:09","guid":{"rendered":"http:\/\/www.portalmantena.com.br\/novo\/?p=12886"},"modified":"2017-08-01T11:12:09","modified_gmt":"2017-08-01T14:12:09","slug":"adolescente-e-acusado-de-matar-um-homem-de-33-anos-na-regiao","status":"publish","type":"post","link":"http:\/\/www.portalmantena.com.br\/novo\/?p=12886","title":{"rendered":"Adolescente \u00e9 acusado de matar um homem de 33 anos na regi\u00e3o"},"content":{"rendered":"<p><span style=\"font-size: 14pt;\">Um adolescente foi aprendido nesse domingo (30) em Governador Valadares (MG) por matar um homem, de 33 anos, no Bairro vit\u00f3ria. <\/span><\/p>\n<p><span style=\"font-size: 14pt;\">A pol\u00edcia chegou at\u00e9 ele ap\u00f3s uma den\u00fancia an\u00f4nima, e menor confessou o crime, que teria sido cometido na noite do dia anterior. O corpo da v\u00edtima foi localizado \u00e0s margens da BR-381. <\/span><\/p>\n<p><span style=\"font-size: 14pt;\">O adolescente contou \u00e0 pol\u00edcia que jogou o corpo no local com um carrinho de m\u00e3o. Ele disse que jogou pedras na cabe\u00e7a da v\u00edtima e depois usou um fio para estrangular o homem at\u00e9 a morte. <\/span><\/p>\n<p><span style=\"font-size: 14pt;\">A motiva\u00e7\u00e3o do crime seria uma d\u00edvida de drogas. Um outro adolescente, que tamb\u00e9m teria participado do crime, ainda n\u00e3o foi localizado.(fonte:g1)<\/span><\/p>\n","protected":false},"excerpt":{"rendered":"<p>Um adolescente foi aprendido nesse domingo (30) em Governador Valadares (MG) por matar um homem, de 33 anos, no Bairro vit\u00f3ria. A pol\u00edcia chegou at\u00e9 ele ap\u00f3s uma den\u00fancia an\u00f4nima, e menor confessou o crime, que teria sido cometido na noite do dia anterior. O corpo da v\u00edtima foi localizado \u00e0s margens da BR-381. O [&hellip;]<\/p>\n","protected":false},"author":1,"featured_media":0,"comment_status":"open","ping_status":"open","sticky":false,"template":"","format":"standard","meta":[],"categories":[24],"tags":[],"_links":{"self":[{"href":"http:\/\/www.portalmantena.com.br\/novo\/index.php?rest_route=\/wp\/v2\/posts\/12886"}],"collection":[{"href":"http:\/\/www.portalmantena.com.br\/novo\/index.php?rest_route=\/wp\/v2\/posts"}],"about":[{"href":"http:\/\/www.portalmantena.com.br\/novo\/index.php?rest_route=\/wp\/v2\/types\/post"}],"author":[{"embeddable":true,"href":"http:\/\/www.portalmantena.com.br\/novo\/index.php?rest_route=\/wp\/v2\/users\/1"}],"replies":[{"embeddable":true,"href":"http:\/\/www.portalmantena.com.br\/novo\/index.php?rest_route=%2Fwp%2Fv2%2Fcomments&post=12886"}],"version-history":[{"count":1,"href":"http:\/\/www.portalmantena.com.br\/novo\/index.php?rest_route=\/wp\/v2\/posts\/12886\/revisions"}],"predecessor-version":[{"id":12887,"href":"http:\/\/www.portalmantena.com.br\/novo\/index.php?rest_route=\/wp\/v2\/posts\/12886\/revisions\/12887"}],"wp:attachment":[{"href":"http:\/\/www.portalmantena.com.br\/novo\/index.php?rest_route=%2Fwp%2Fv2%2Fmedia&parent=12886"}],"wp:term":[{"taxonomy":"category","embeddable":true,"href":"http:\/\/www.portalmantena.com.br\/novo\/index.php?rest_route=%2Fwp%2Fv2%2Fcategories&post=12886"},{"taxonomy":"post_tag","embeddable":true,"href":"http:\/\/www.portalmantena.com.br\/novo\/index.php?rest_route=%2Fwp%2Fv2%2Ftags&post=12886"}],"curies":[{"name":"wp","href":"https:\/\/api.w.org\/{rel}","templated":true}]}}