{"id":12874,"date":"2017-08-01T08:42:50","date_gmt":"2017-08-01T11:42:50","guid":{"rendered":"http:\/\/www.portalmantena.com.br\/novo\/?p=12874"},"modified":"2017-08-01T08:43:17","modified_gmt":"2017-08-01T11:43:17","slug":"denuncia-faz-pm-apreender-autores-que-realizavam-disparos-com-arma-em-bsf","status":"publish","type":"post","link":"http:\/\/www.portalmantena.com.br\/novo\/?p=12874","title":{"rendered":"Denuncia faz PM apreender autores que realizavam disparos com arma"},"content":{"rendered":"<p><a href=\"http:\/\/www.portalmantena.com.br\/novo\/wp-content\/uploads\/2017\/08\/no010817arma.jpg\"><img loading=\"lazy\" class=\"alignnone size-full wp-image-12875\" src=\"http:\/\/www.portalmantena.com.br\/novo\/wp-content\/uploads\/2017\/08\/no010817arma.jpg\" alt=\"\" width=\"700\" height=\"450\" srcset=\"http:\/\/www.portalmantena.com.br\/novo\/wp-content\/uploads\/2017\/08\/no010817arma.jpg 700w, http:\/\/www.portalmantena.com.br\/novo\/wp-content\/uploads\/2017\/08\/no010817arma-300x193.jpg 300w, http:\/\/www.portalmantena.com.br\/novo\/wp-content\/uploads\/2017\/08\/no010817arma-696x447.jpg 696w, http:\/\/www.portalmantena.com.br\/novo\/wp-content\/uploads\/2017\/08\/no010817arma-653x420.jpg 653w\" sizes=\"(max-width: 700px) 100vw, 700px\" \/><\/a><\/p>\n<p><span style=\"font-size: 14pt;\">No \u00faltimo s\u00e1bado dia 29 de julho, policiais militares de Barra de S\u00e3o Francisco receberam uma den\u00fancia an\u00f4nima de que tr\u00eas indiv\u00edduos estariam manuseando uma arma e efetuando disparos na Rua S\u00e3o Luiz, no bairro Colina. <\/span><\/p>\n<p><span style=\"font-size: 14pt;\">Os policiais foram ent\u00e3o at\u00e9 o local informado, onde localizaram os tr\u00eas indiv\u00edduos que conferiam com a descri\u00e7\u00e3o passada via telefone. <\/span><\/p>\n<p><span style=\"font-size: 14pt;\">Os tr\u00eas rapazes foram submetidos a revista pessoal e em posse de um deles foi encontrado um rev\u00f3lver Taurus, calibre .38, municiado com 04 muni\u00e7\u00f5es, sendo 02 intactas e 02 picotadas (indicando que foram efetuados disparos). <\/span><\/p>\n<p><span style=\"font-size: 14pt;\">Com os tr\u00eas, ainda, foram apreendidos 02 telefones celulares, 02 isqueiros, R$ 100,00 em esp\u00e9cie. Os outros dois envolvidos, tamb\u00e9m foram identificados. Os tr\u00eas foram conduzidos \u00e0 14\u00aa Delegacia Regional de Barra de S\u00e3o Francisco, onde foram tomadas as medidas de praxe.(fonte\/foto:sitebarra)<\/span><\/p>\n","protected":false},"excerpt":{"rendered":"<p>No \u00faltimo s\u00e1bado dia 29 de julho, policiais militares de Barra de S\u00e3o Francisco receberam uma den\u00fancia an\u00f4nima de que tr\u00eas indiv\u00edduos estariam manuseando uma arma e efetuando disparos na Rua S\u00e3o Luiz, no bairro Colina. Os policiais foram ent\u00e3o at\u00e9 o local informado, onde localizaram os tr\u00eas indiv\u00edduos que conferiam com a descri\u00e7\u00e3o passada [&hellip;]<\/p>\n","protected":false},"author":1,"featured_media":12875,"comment_status":"open","ping_status":"open","sticky":false,"template":"","format":"standard","meta":[],"categories":[11,34],"tags":[],"_links":{"self":[{"href":"http:\/\/www.portalmantena.com.br\/novo\/index.php?rest_route=\/wp\/v2\/posts\/12874"}],"collection":[{"href":"http:\/\/www.portalmantena.com.br\/novo\/index.php?rest_route=\/wp\/v2\/posts"}],"about":[{"href":"http:\/\/www.portalmantena.com.br\/novo\/index.php?rest_route=\/wp\/v2\/types\/post"}],"author":[{"embeddable":true,"href":"http:\/\/www.portalmantena.com.br\/novo\/index.php?rest_route=\/wp\/v2\/users\/1"}],"replies":[{"embeddable":true,"href":"http:\/\/www.portalmantena.com.br\/novo\/index.php?rest_route=%2Fwp%2Fv2%2Fcomments&post=12874"}],"version-history":[{"count":2,"href":"http:\/\/www.portalmantena.com.br\/novo\/index.php?rest_route=\/wp\/v2\/posts\/12874\/revisions"}],"predecessor-version":[{"id":12877,"href":"http:\/\/www.portalmantena.com.br\/novo\/index.php?rest_route=\/wp\/v2\/posts\/12874\/revisions\/12877"}],"wp:featuredmedia":[{"embeddable":true,"href":"http:\/\/www.portalmantena.com.br\/novo\/index.php?rest_route=\/wp\/v2\/media\/12875"}],"wp:attachment":[{"href":"http:\/\/www.portalmantena.com.br\/novo\/index.php?rest_route=%2Fwp%2Fv2%2Fmedia&parent=12874"}],"wp:term":[{"taxonomy":"category","embeddable":true,"href":"http:\/\/www.portalmantena.com.br\/novo\/index.php?rest_route=%2Fwp%2Fv2%2Fcategories&post=12874"},{"taxonomy":"post_tag","embeddable":true,"href":"http:\/\/www.portalmantena.com.br\/novo\/index.php?rest_route=%2Fwp%2Fv2%2Ftags&post=12874"}],"curies":[{"name":"wp","href":"https:\/\/api.w.org\/{rel}","templated":true}]}}