{"id":12805,"date":"2017-07-31T13:51:43","date_gmt":"2017-07-31T16:51:43","guid":{"rendered":"http:\/\/www.portalmantena.com.br\/novo\/?p=12805"},"modified":"2017-07-31T13:51:43","modified_gmt":"2017-07-31T16:51:43","slug":"morre-o-empresario-edson-gualberto-presidente-do-grupo-leste-de-comunicacao","status":"publish","type":"post","link":"http:\/\/www.portalmantena.com.br\/novo\/?p=12805","title":{"rendered":"Morre o empres\u00e1rio Edson Gualberto, presidente do grupo Leste de comunica\u00e7\u00e3o."},"content":{"rendered":"<p><a href=\"http:\/\/www.portalmantena.com.br\/novo\/wp-content\/uploads\/2017\/07\/no310717edson.jpg\"><img loading=\"lazy\" class=\"alignnone size-full wp-image-12807\" src=\"http:\/\/www.portalmantena.com.br\/novo\/wp-content\/uploads\/2017\/07\/no310717edson.jpg\" alt=\"\" width=\"700\" height=\"450\" srcset=\"http:\/\/www.portalmantena.com.br\/novo\/wp-content\/uploads\/2017\/07\/no310717edson.jpg 700w, http:\/\/www.portalmantena.com.br\/novo\/wp-content\/uploads\/2017\/07\/no310717edson-300x193.jpg 300w, http:\/\/www.portalmantena.com.br\/novo\/wp-content\/uploads\/2017\/07\/no310717edson-696x447.jpg 696w, http:\/\/www.portalmantena.com.br\/novo\/wp-content\/uploads\/2017\/07\/no310717edson-653x420.jpg 653w\" sizes=\"(max-width: 700px) 100vw, 700px\" \/><\/a><\/p>\n<p style=\"background: white; margin: 0cm 0cm 7.5pt 0cm;\"><span style=\"font-size: 14pt; font-family: verdana, geneva, sans-serif; color: #333333;\">Faleceu na noite deste domingo dia 30 de Julho, na cidade de Governador Valadares, o empres\u00e1rio Sr. Edson Gualberto, jornalista, radialista e ex-vice-prefeito de Valadares (gest\u00e3o Mour\u00e3o).<\/span><\/p>\n<p style=\"background: white; margin: 0cm 0cm 7.5pt 0cm;\">\n<p style=\"background: white; margin: 0cm 0cm 7.5pt 0cm;\"><span style=\"font-size: 14pt; font-family: verdana, geneva, sans-serif; color: #333333;\">Ele morreu aos 77 anos, v\u00edtima de fal\u00eancia m\u00faltipla dos \u00f3rg\u00e3os depois de ter lutado por v\u00e1rios meses contra um c\u00e2ncer. <\/span><\/p>\n<p style=\"background: white; margin: 0cm 0cm 7.5pt 0cm;\">\n<p style=\"background: white; margin: 0cm 0cm 7.5pt 0cm;\"><span style=\"font-size: 14pt; font-family: verdana, geneva, sans-serif; color: #333333;\">Edson Gualberto era diretor-presidente do Grupo Leste de Comunica\u00e7\u00e3o, que compreende a TV Leste (afiliada da Rede Record), o jornal Di\u00e1rio do Rio Doce, a R\u00e1dio Imparsom FM, a R\u00e1dio Ibituruna AM, al\u00e9m da Gr\u00e1fica Leste. Ele tamb\u00e9m foi presidente da Associa\u00e7\u00e3o Comercial de Governador Valadares por tr\u00eas mandatos. Gualberto deixou esposa e tr\u00eas filhos.<\/span><\/p>\n<p style=\"background: white; margin: 0cm 0cm 7.5pt 0cm;\">\n<p style=\"background: white; margin: 0cm 0cm 7.5pt 0cm;\"><span style=\"font-size: 14pt; font-family: verdana, geneva, sans-serif; color: #333333;\">Seu corpo est\u00e1 sendo velado na Capela Santo Ant\u00f4nio, no Centro, o sepultamento est\u00e1 previsto para \u00e0s 17 horas desta segunda-feira dia 31 de Julho, no Cemit\u00e9rio Santo Ant\u00f4nio em Governador Valadares. <\/span><\/p>\n<p style=\"background: white; margin: 0cm 0cm 7.5pt 0cm;\">\n<p style=\"background: white; margin: 0cm 0cm 7.5pt 0cm;\"><span style=\"font-size: 14pt; font-family: verdana, geneva, sans-serif; color: #333333;\">Um vision\u00e1rio para o progresso da regi\u00e3o leste de minas, por diversas vezes esteve em Mantena, participando de solenidades e demonstrava o seu amor pela regi\u00e3o, enfatizando uma profunda vontade sua de ver o leste de minas como uma regi\u00e3o forte, e quem sabe ser independente do resto do estado. <\/span><\/p>\n","protected":false},"excerpt":{"rendered":"<p>Faleceu na noite deste domingo dia 30 de Julho, na cidade de Governador Valadares, o empres\u00e1rio Sr. Edson Gualberto, jornalista, radialista e ex-vice-prefeito de Valadares (gest\u00e3o Mour\u00e3o). Ele morreu aos 77 anos, v\u00edtima de fal\u00eancia m\u00faltipla dos \u00f3rg\u00e3os depois de ter lutado por v\u00e1rios meses contra um c\u00e2ncer. Edson Gualberto era diretor-presidente do Grupo Leste [&hellip;]<\/p>\n","protected":false},"author":1,"featured_media":12807,"comment_status":"open","ping_status":"open","sticky":false,"template":"","format":"standard","meta":[],"categories":[11,39],"tags":[],"_links":{"self":[{"href":"http:\/\/www.portalmantena.com.br\/novo\/index.php?rest_route=\/wp\/v2\/posts\/12805"}],"collection":[{"href":"http:\/\/www.portalmantena.com.br\/novo\/index.php?rest_route=\/wp\/v2\/posts"}],"about":[{"href":"http:\/\/www.portalmantena.com.br\/novo\/index.php?rest_route=\/wp\/v2\/types\/post"}],"author":[{"embeddable":true,"href":"http:\/\/www.portalmantena.com.br\/novo\/index.php?rest_route=\/wp\/v2\/users\/1"}],"replies":[{"embeddable":true,"href":"http:\/\/www.portalmantena.com.br\/novo\/index.php?rest_route=%2Fwp%2Fv2%2Fcomments&post=12805"}],"version-history":[{"count":1,"href":"http:\/\/www.portalmantena.com.br\/novo\/index.php?rest_route=\/wp\/v2\/posts\/12805\/revisions"}],"predecessor-version":[{"id":12808,"href":"http:\/\/www.portalmantena.com.br\/novo\/index.php?rest_route=\/wp\/v2\/posts\/12805\/revisions\/12808"}],"wp:featuredmedia":[{"embeddable":true,"href":"http:\/\/www.portalmantena.com.br\/novo\/index.php?rest_route=\/wp\/v2\/media\/12807"}],"wp:attachment":[{"href":"http:\/\/www.portalmantena.com.br\/novo\/index.php?rest_route=%2Fwp%2Fv2%2Fmedia&parent=12805"}],"wp:term":[{"taxonomy":"category","embeddable":true,"href":"http:\/\/www.portalmantena.com.br\/novo\/index.php?rest_route=%2Fwp%2Fv2%2Fcategories&post=12805"},{"taxonomy":"post_tag","embeddable":true,"href":"http:\/\/www.portalmantena.com.br\/novo\/index.php?rest_route=%2Fwp%2Fv2%2Ftags&post=12805"}],"curies":[{"name":"wp","href":"https:\/\/api.w.org\/{rel}","templated":true}]}}