{"id":11884,"date":"2017-07-19T16:48:21","date_gmt":"2017-07-19T19:48:21","guid":{"rendered":"http:\/\/www.portalmantena.com.br\/novo\/?p=11884"},"modified":"2017-07-19T16:48:21","modified_gmt":"2017-07-19T19:48:21","slug":"carro-pega-fogo-no-centro-de-valadares-e-assusta-pedestres","status":"publish","type":"post","link":"http:\/\/www.portalmantena.com.br\/novo\/?p=11884","title":{"rendered":"Carro pega fogo no centro de Valadares e assusta pedestres"},"content":{"rendered":"<p><span style=\"font-size: 14pt;\">O Corpo de Bombeiros controlou um inc\u00eandio em um carro no Centro da cidade de Governador Valadares, nesta ter\u00e7a-feira, dia 18 de Julho. O motorista, de 60 anos, contou que ouviu um estouro e as chamas come\u00e7aram ap\u00f3s ligar o ve\u00edculo. <\/span><\/p>\n<p><span style=\"font-size: 14pt;\">Os militares fizeram isolamento do local e em poucos minutos conseguiram apagar o inc\u00eandio. Um outro carro que estava estacionado perto do ve\u00edculo tamb\u00e9m foi danificado. Ningu\u00e9m ficou ferido e as causas do inc\u00eandio ser\u00e3o investigadas.<\/span><\/p>\n","protected":false},"excerpt":{"rendered":"<p>O Corpo de Bombeiros controlou um inc\u00eandio em um carro no Centro da cidade de Governador Valadares, nesta ter\u00e7a-feira, dia 18 de Julho. O motorista, de 60 anos, contou que ouviu um estouro e as chamas come\u00e7aram ap\u00f3s ligar o ve\u00edculo. Os militares fizeram isolamento do local e em poucos minutos conseguiram apagar o inc\u00eandio. [&hellip;]<\/p>\n","protected":false},"author":1,"featured_media":0,"comment_status":"open","ping_status":"open","sticky":false,"template":"","format":"standard","meta":[],"categories":[24],"tags":[],"_links":{"self":[{"href":"http:\/\/www.portalmantena.com.br\/novo\/index.php?rest_route=\/wp\/v2\/posts\/11884"}],"collection":[{"href":"http:\/\/www.portalmantena.com.br\/novo\/index.php?rest_route=\/wp\/v2\/posts"}],"about":[{"href":"http:\/\/www.portalmantena.com.br\/novo\/index.php?rest_route=\/wp\/v2\/types\/post"}],"author":[{"embeddable":true,"href":"http:\/\/www.portalmantena.com.br\/novo\/index.php?rest_route=\/wp\/v2\/users\/1"}],"replies":[{"embeddable":true,"href":"http:\/\/www.portalmantena.com.br\/novo\/index.php?rest_route=%2Fwp%2Fv2%2Fcomments&post=11884"}],"version-history":[{"count":1,"href":"http:\/\/www.portalmantena.com.br\/novo\/index.php?rest_route=\/wp\/v2\/posts\/11884\/revisions"}],"predecessor-version":[{"id":11885,"href":"http:\/\/www.portalmantena.com.br\/novo\/index.php?rest_route=\/wp\/v2\/posts\/11884\/revisions\/11885"}],"wp:attachment":[{"href":"http:\/\/www.portalmantena.com.br\/novo\/index.php?rest_route=%2Fwp%2Fv2%2Fmedia&parent=11884"}],"wp:term":[{"taxonomy":"category","embeddable":true,"href":"http:\/\/www.portalmantena.com.br\/novo\/index.php?rest_route=%2Fwp%2Fv2%2Fcategories&post=11884"},{"taxonomy":"post_tag","embeddable":true,"href":"http:\/\/www.portalmantena.com.br\/novo\/index.php?rest_route=%2Fwp%2Fv2%2Ftags&post=11884"}],"curies":[{"name":"wp","href":"https:\/\/api.w.org\/{rel}","templated":true}]}}