{"id":11833,"date":"2017-07-19T10:07:15","date_gmt":"2017-07-19T13:07:15","guid":{"rendered":"http:\/\/www.portalmantena.com.br\/novo\/?p=11833"},"modified":"2017-07-19T10:07:15","modified_gmt":"2017-07-19T13:07:15","slug":"em-fase-de-teste-cemig-comeca-emissao-de-conta-simultanea-em-mantena","status":"publish","type":"post","link":"http:\/\/www.portalmantena.com.br\/novo\/?p=11833","title":{"rendered":"Em fase de teste, Cemig come\u00e7a emiss\u00e3o de conta simult\u00e2nea em Mantena"},"content":{"rendered":"<p><a href=\"http:\/\/www.portalmantena.com.br\/novo\/wp-content\/uploads\/2017\/07\/no190717conta1.jpg\"><img loading=\"lazy\" class=\"alignnone size-full wp-image-11834\" src=\"http:\/\/www.portalmantena.com.br\/novo\/wp-content\/uploads\/2017\/07\/no190717conta1.jpg\" alt=\"\" width=\"700\" height=\"450\" srcset=\"http:\/\/www.portalmantena.com.br\/novo\/wp-content\/uploads\/2017\/07\/no190717conta1.jpg 700w, http:\/\/www.portalmantena.com.br\/novo\/wp-content\/uploads\/2017\/07\/no190717conta1-300x193.jpg 300w, http:\/\/www.portalmantena.com.br\/novo\/wp-content\/uploads\/2017\/07\/no190717conta1-696x447.jpg 696w, http:\/\/www.portalmantena.com.br\/novo\/wp-content\/uploads\/2017\/07\/no190717conta1-653x420.jpg 653w\" sizes=\"(max-width: 700px) 100vw, 700px\" \/><\/a><\/p>\n<p><span style=\"font-size: 14pt;\">A reclama\u00e7\u00e3o crescente de usu\u00e1rios e consumidores mantenenses com rela\u00e7\u00e3o \u00e0 entrega das contas de luz, est\u00e1 prestes a acabar. Um teste est\u00e1 sendo feito este m\u00eas em Mantena no bairro Nicolini, com rela\u00e7\u00e3o ao procedimento de leitura e emiss\u00e3o das contas simult\u00e2neas, como j\u00e1 \u00e9 realizado na cidade h\u00e1 v\u00e1rios anos pelo SAAE. <\/span><\/p>\n<p><span style=\"font-size: 14pt;\">O processo de leitura \u00e9 feito atrav\u00e9s de um coletor de dados que simultaneamente envia para uma impressora port\u00e1til a conta a ser impressa. <\/span><\/p>\n<p><span style=\"font-size: 14pt;\">O sistema \u00e9 eficiente evitando que as contas fiquem extraviadas e acabem vencendo sem chegar \u00e0s m\u00e3os do consumidor. <\/span><\/p>\n<p><span style=\"font-size: 14pt;\">Segundo informa\u00e7\u00f5es obtidas pela reda\u00e7\u00e3o do portalmantena, neste m\u00eas de Julho um teste para implanta\u00e7\u00e3o deste sistema em Mantena e corre\u00e7\u00f5es necess\u00e1rias est\u00e1 sendo feito com os consumidores do bairro Nicolini, no entanto, j\u00e1 no pr\u00f3ximo m\u00eas a cidade toda ser\u00e1 alcan\u00e7ada por esta tecnologia que j\u00e1 existe em v\u00e1rias cidades de Minas Gerais, adotada pela Cemig.<\/span><\/p>\n<p><a href=\"http:\/\/www.portalmantena.com.br\/novo\/wp-content\/uploads\/2017\/07\/no190717conta2.jpg\"><img loading=\"lazy\" class=\"alignnone size-full wp-image-11835\" src=\"http:\/\/www.portalmantena.com.br\/novo\/wp-content\/uploads\/2017\/07\/no190717conta2.jpg\" alt=\"\" width=\"700\" height=\"450\" srcset=\"http:\/\/www.portalmantena.com.br\/novo\/wp-content\/uploads\/2017\/07\/no190717conta2.jpg 700w, http:\/\/www.portalmantena.com.br\/novo\/wp-content\/uploads\/2017\/07\/no190717conta2-300x193.jpg 300w, http:\/\/www.portalmantena.com.br\/novo\/wp-content\/uploads\/2017\/07\/no190717conta2-696x447.jpg 696w, http:\/\/www.portalmantena.com.br\/novo\/wp-content\/uploads\/2017\/07\/no190717conta2-653x420.jpg 653w\" sizes=\"(max-width: 700px) 100vw, 700px\" \/><\/a> <a href=\"http:\/\/www.portalmantena.com.br\/novo\/wp-content\/uploads\/2017\/07\/no190717conta3.jpg\"><img loading=\"lazy\" class=\"alignnone size-full wp-image-11836\" src=\"http:\/\/www.portalmantena.com.br\/novo\/wp-content\/uploads\/2017\/07\/no190717conta3.jpg\" alt=\"\" width=\"700\" height=\"450\" srcset=\"http:\/\/www.portalmantena.com.br\/novo\/wp-content\/uploads\/2017\/07\/no190717conta3.jpg 700w, http:\/\/www.portalmantena.com.br\/novo\/wp-content\/uploads\/2017\/07\/no190717conta3-300x193.jpg 300w, http:\/\/www.portalmantena.com.br\/novo\/wp-content\/uploads\/2017\/07\/no190717conta3-696x447.jpg 696w, http:\/\/www.portalmantena.com.br\/novo\/wp-content\/uploads\/2017\/07\/no190717conta3-653x420.jpg 653w\" sizes=\"(max-width: 700px) 100vw, 700px\" \/><\/a><\/p>\n","protected":false},"excerpt":{"rendered":"<p>A reclama\u00e7\u00e3o crescente de usu\u00e1rios e consumidores mantenenses com rela\u00e7\u00e3o \u00e0 entrega das contas de luz, est\u00e1 prestes a acabar. Um teste est\u00e1 sendo feito este m\u00eas em Mantena no bairro Nicolini, com rela\u00e7\u00e3o ao procedimento de leitura e emiss\u00e3o das contas simult\u00e2neas, como j\u00e1 \u00e9 realizado na cidade h\u00e1 v\u00e1rios anos pelo SAAE. O [&hellip;]<\/p>\n","protected":false},"author":1,"featured_media":11835,"comment_status":"open","ping_status":"open","sticky":false,"template":"","format":"standard","meta":[],"categories":[36,11],"tags":[],"_links":{"self":[{"href":"http:\/\/www.portalmantena.com.br\/novo\/index.php?rest_route=\/wp\/v2\/posts\/11833"}],"collection":[{"href":"http:\/\/www.portalmantena.com.br\/novo\/index.php?rest_route=\/wp\/v2\/posts"}],"about":[{"href":"http:\/\/www.portalmantena.com.br\/novo\/index.php?rest_route=\/wp\/v2\/types\/post"}],"author":[{"embeddable":true,"href":"http:\/\/www.portalmantena.com.br\/novo\/index.php?rest_route=\/wp\/v2\/users\/1"}],"replies":[{"embeddable":true,"href":"http:\/\/www.portalmantena.com.br\/novo\/index.php?rest_route=%2Fwp%2Fv2%2Fcomments&post=11833"}],"version-history":[{"count":1,"href":"http:\/\/www.portalmantena.com.br\/novo\/index.php?rest_route=\/wp\/v2\/posts\/11833\/revisions"}],"predecessor-version":[{"id":11837,"href":"http:\/\/www.portalmantena.com.br\/novo\/index.php?rest_route=\/wp\/v2\/posts\/11833\/revisions\/11837"}],"wp:featuredmedia":[{"embeddable":true,"href":"http:\/\/www.portalmantena.com.br\/novo\/index.php?rest_route=\/wp\/v2\/media\/11835"}],"wp:attachment":[{"href":"http:\/\/www.portalmantena.com.br\/novo\/index.php?rest_route=%2Fwp%2Fv2%2Fmedia&parent=11833"}],"wp:term":[{"taxonomy":"category","embeddable":true,"href":"http:\/\/www.portalmantena.com.br\/novo\/index.php?rest_route=%2Fwp%2Fv2%2Fcategories&post=11833"},{"taxonomy":"post_tag","embeddable":true,"href":"http:\/\/www.portalmantena.com.br\/novo\/index.php?rest_route=%2Fwp%2Fv2%2Ftags&post=11833"}],"curies":[{"name":"wp","href":"https:\/\/api.w.org\/{rel}","templated":true}]}}