{"id":11821,"date":"2017-07-19T09:48:34","date_gmt":"2017-07-19T12:48:34","guid":{"rendered":"http:\/\/www.portalmantena.com.br\/novo\/?p=11821"},"modified":"2017-07-19T09:50:25","modified_gmt":"2017-07-19T12:50:25","slug":"motorista-perde-controle-e-por-pouco-carro-nao-entra-todo-dentro-de-uma-casa-no-centro","status":"publish","type":"post","link":"http:\/\/www.portalmantena.com.br\/novo\/?p=11821","title":{"rendered":"Motorista perde controle e por pouco carro n\u00e3o entra dentro de uma casa no centro"},"content":{"rendered":"<p><a href=\"http:\/\/www.portalmantena.com.br\/novo\/wp-content\/uploads\/2017\/07\/no190717aci1.jpg\"><img loading=\"lazy\" class=\"alignnone size-full wp-image-11822\" src=\"http:\/\/www.portalmantena.com.br\/novo\/wp-content\/uploads\/2017\/07\/no190717aci1.jpg\" alt=\"\" width=\"700\" height=\"450\" srcset=\"http:\/\/www.portalmantena.com.br\/novo\/wp-content\/uploads\/2017\/07\/no190717aci1.jpg 700w, http:\/\/www.portalmantena.com.br\/novo\/wp-content\/uploads\/2017\/07\/no190717aci1-300x193.jpg 300w, http:\/\/www.portalmantena.com.br\/novo\/wp-content\/uploads\/2017\/07\/no190717aci1-696x447.jpg 696w, http:\/\/www.portalmantena.com.br\/novo\/wp-content\/uploads\/2017\/07\/no190717aci1-653x420.jpg 653w\" sizes=\"(max-width: 700px) 100vw, 700px\" \/><\/a><\/p>\n<p><span style=\"font-size: 14pt;\">Um in\u00edcio de noite de susto para moradores de um trecho da avenida Get\u00falio Vargas no centro em Mantena, nesta ter\u00e7a-feira (18). Era por volta das 18h30\u2019 quando a condutora de um ve\u00edculo Volkswagen gol de cor prata, seguia pela rua Santo Ant\u00f4nio, e segundo ela, ao fazer a manobra para entrar na avenida Get\u00falio Vargas (sentido o centro), sua vis\u00e3o foi ofuscada pelo farol alto de um outro ve\u00edculo que seguia sentido contr\u00e1rio. <\/span><\/p>\n<p><span style=\"font-size: 14pt;\">Foi quando a condutora perdeu o controle da dire\u00e7\u00e3o, e o ve\u00edculo acabou batendo na parede de uma resid\u00eancia situada na parte baixa da via. A parede do quarto da casa de n\u00famero 597, foi derrubada e o ve\u00edculo s\u00f3 n\u00e3o entrou completamente dentro do im\u00f3vel porque ficou preso na eleva\u00e7\u00e3o da rua em rela\u00e7\u00e3o \u00e0 casa. <\/span><\/p>\n<p><span style=\"font-size: 14pt;\">Felizmente ningu\u00e9m se feriu no acidente, uma vez que no ve\u00edculo haviam quatro pessoas. J\u00e1 o im\u00f3vel estava desocupado, evitando assim que pessoas tamb\u00e9m pudessem ter sido atingidas no impacto do ve\u00edculo. <\/span><\/p>\n<p><span style=\"font-size: 14pt;\">A pol\u00edcia militar esteve no local, registrou a ocorr\u00eancia, o propriet\u00e1rio do im\u00f3vel tamb\u00e9m esteve presente acertando os detalhes dos reparos que dever\u00e3o ser feitos na resid\u00eancia uma vez que uma janela foi arrancada no impacto. <\/span><\/p>\n<p><span style=\"font-size: 14pt;\">Muitos curiosos passavam assustados temendo que pessoas estivessem feridas. Com a ajuda de volunt\u00e1rios, o ve\u00edculo foi mais tarde retirado do local, aguardando ent\u00e3o ser guinchado at\u00e9 uma oficina mec\u00e2nica.<\/span><\/p>\n<p><a href=\"http:\/\/www.portalmantena.com.br\/novo\/wp-content\/uploads\/2017\/07\/no190717aci2.jpg\"><img loading=\"lazy\" class=\"alignnone size-full wp-image-11823\" src=\"http:\/\/www.portalmantena.com.br\/novo\/wp-content\/uploads\/2017\/07\/no190717aci2.jpg\" alt=\"\" width=\"700\" height=\"450\" srcset=\"http:\/\/www.portalmantena.com.br\/novo\/wp-content\/uploads\/2017\/07\/no190717aci2.jpg 700w, http:\/\/www.portalmantena.com.br\/novo\/wp-content\/uploads\/2017\/07\/no190717aci2-300x193.jpg 300w, http:\/\/www.portalmantena.com.br\/novo\/wp-content\/uploads\/2017\/07\/no190717aci2-696x447.jpg 696w, http:\/\/www.portalmantena.com.br\/novo\/wp-content\/uploads\/2017\/07\/no190717aci2-653x420.jpg 653w\" sizes=\"(max-width: 700px) 100vw, 700px\" \/><\/a> <a href=\"http:\/\/www.portalmantena.com.br\/novo\/wp-content\/uploads\/2017\/07\/no190717aci4.jpg\"><img loading=\"lazy\" class=\"alignnone size-full wp-image-11824\" src=\"http:\/\/www.portalmantena.com.br\/novo\/wp-content\/uploads\/2017\/07\/no190717aci4.jpg\" alt=\"\" width=\"700\" height=\"450\" srcset=\"http:\/\/www.portalmantena.com.br\/novo\/wp-content\/uploads\/2017\/07\/no190717aci4.jpg 700w, http:\/\/www.portalmantena.com.br\/novo\/wp-content\/uploads\/2017\/07\/no190717aci4-300x193.jpg 300w, http:\/\/www.portalmantena.com.br\/novo\/wp-content\/uploads\/2017\/07\/no190717aci4-696x447.jpg 696w, http:\/\/www.portalmantena.com.br\/novo\/wp-content\/uploads\/2017\/07\/no190717aci4-653x420.jpg 653w\" sizes=\"(max-width: 700px) 100vw, 700px\" \/><\/a> <a href=\"http:\/\/www.portalmantena.com.br\/novo\/wp-content\/uploads\/2017\/07\/no190717aci5.jpg\"><img loading=\"lazy\" class=\"alignnone size-full wp-image-11825\" src=\"http:\/\/www.portalmantena.com.br\/novo\/wp-content\/uploads\/2017\/07\/no190717aci5.jpg\" alt=\"\" width=\"700\" height=\"450\" srcset=\"http:\/\/www.portalmantena.com.br\/novo\/wp-content\/uploads\/2017\/07\/no190717aci5.jpg 700w, http:\/\/www.portalmantena.com.br\/novo\/wp-content\/uploads\/2017\/07\/no190717aci5-300x193.jpg 300w, http:\/\/www.portalmantena.com.br\/novo\/wp-content\/uploads\/2017\/07\/no190717aci5-696x447.jpg 696w, http:\/\/www.portalmantena.com.br\/novo\/wp-content\/uploads\/2017\/07\/no190717aci5-653x420.jpg 653w\" sizes=\"(max-width: 700px) 100vw, 700px\" \/><\/a> <a href=\"http:\/\/www.portalmantena.com.br\/novo\/wp-content\/uploads\/2017\/07\/no190717aci6.jpg\"><img loading=\"lazy\" class=\"alignnone size-full wp-image-11826\" src=\"http:\/\/www.portalmantena.com.br\/novo\/wp-content\/uploads\/2017\/07\/no190717aci6.jpg\" alt=\"\" width=\"700\" height=\"450\" srcset=\"http:\/\/www.portalmantena.com.br\/novo\/wp-content\/uploads\/2017\/07\/no190717aci6.jpg 700w, http:\/\/www.portalmantena.com.br\/novo\/wp-content\/uploads\/2017\/07\/no190717aci6-300x193.jpg 300w, http:\/\/www.portalmantena.com.br\/novo\/wp-content\/uploads\/2017\/07\/no190717aci6-696x447.jpg 696w, http:\/\/www.portalmantena.com.br\/novo\/wp-content\/uploads\/2017\/07\/no190717aci6-653x420.jpg 653w\" sizes=\"(max-width: 700px) 100vw, 700px\" \/><\/a> <a href=\"http:\/\/www.portalmantena.com.br\/novo\/wp-content\/uploads\/2017\/07\/no190717aci7.jpg\"><img loading=\"lazy\" class=\"alignnone size-full wp-image-11827\" src=\"http:\/\/www.portalmantena.com.br\/novo\/wp-content\/uploads\/2017\/07\/no190717aci7.jpg\" alt=\"\" width=\"700\" height=\"450\" srcset=\"http:\/\/www.portalmantena.com.br\/novo\/wp-content\/uploads\/2017\/07\/no190717aci7.jpg 700w, http:\/\/www.portalmantena.com.br\/novo\/wp-content\/uploads\/2017\/07\/no190717aci7-300x193.jpg 300w, http:\/\/www.portalmantena.com.br\/novo\/wp-content\/uploads\/2017\/07\/no190717aci7-696x447.jpg 696w, http:\/\/www.portalmantena.com.br\/novo\/wp-content\/uploads\/2017\/07\/no190717aci7-653x420.jpg 653w\" sizes=\"(max-width: 700px) 100vw, 700px\" \/><\/a> <a href=\"http:\/\/www.portalmantena.com.br\/novo\/wp-content\/uploads\/2017\/07\/no190717aci8.jpg\"><img loading=\"lazy\" class=\"alignnone size-full wp-image-11828\" src=\"http:\/\/www.portalmantena.com.br\/novo\/wp-content\/uploads\/2017\/07\/no190717aci8.jpg\" alt=\"\" width=\"700\" height=\"450\" srcset=\"http:\/\/www.portalmantena.com.br\/novo\/wp-content\/uploads\/2017\/07\/no190717aci8.jpg 700w, http:\/\/www.portalmantena.com.br\/novo\/wp-content\/uploads\/2017\/07\/no190717aci8-300x193.jpg 300w, http:\/\/www.portalmantena.com.br\/novo\/wp-content\/uploads\/2017\/07\/no190717aci8-696x447.jpg 696w, http:\/\/www.portalmantena.com.br\/novo\/wp-content\/uploads\/2017\/07\/no190717aci8-653x420.jpg 653w\" sizes=\"(max-width: 700px) 100vw, 700px\" \/><\/a><\/p>\n","protected":false},"excerpt":{"rendered":"<p>Um in\u00edcio de noite de susto para moradores de um trecho da avenida Get\u00falio Vargas no centro em Mantena, nesta ter\u00e7a-feira (18). Era por volta das 18h30\u2019 quando a condutora de um ve\u00edculo Volkswagen gol de cor prata, seguia pela rua Santo Ant\u00f4nio, e segundo ela, ao fazer a manobra para entrar na avenida Get\u00falio [&hellip;]<\/p>\n","protected":false},"author":1,"featured_media":11823,"comment_status":"open","ping_status":"open","sticky":false,"template":"","format":"standard","meta":[],"categories":[12],"tags":[],"_links":{"self":[{"href":"http:\/\/www.portalmantena.com.br\/novo\/index.php?rest_route=\/wp\/v2\/posts\/11821"}],"collection":[{"href":"http:\/\/www.portalmantena.com.br\/novo\/index.php?rest_route=\/wp\/v2\/posts"}],"about":[{"href":"http:\/\/www.portalmantena.com.br\/novo\/index.php?rest_route=\/wp\/v2\/types\/post"}],"author":[{"embeddable":true,"href":"http:\/\/www.portalmantena.com.br\/novo\/index.php?rest_route=\/wp\/v2\/users\/1"}],"replies":[{"embeddable":true,"href":"http:\/\/www.portalmantena.com.br\/novo\/index.php?rest_route=%2Fwp%2Fv2%2Fcomments&post=11821"}],"version-history":[{"count":4,"href":"http:\/\/www.portalmantena.com.br\/novo\/index.php?rest_route=\/wp\/v2\/posts\/11821\/revisions"}],"predecessor-version":[{"id":11832,"href":"http:\/\/www.portalmantena.com.br\/novo\/index.php?rest_route=\/wp\/v2\/posts\/11821\/revisions\/11832"}],"wp:featuredmedia":[{"embeddable":true,"href":"http:\/\/www.portalmantena.com.br\/novo\/index.php?rest_route=\/wp\/v2\/media\/11823"}],"wp:attachment":[{"href":"http:\/\/www.portalmantena.com.br\/novo\/index.php?rest_route=%2Fwp%2Fv2%2Fmedia&parent=11821"}],"wp:term":[{"taxonomy":"category","embeddable":true,"href":"http:\/\/www.portalmantena.com.br\/novo\/index.php?rest_route=%2Fwp%2Fv2%2Fcategories&post=11821"},{"taxonomy":"post_tag","embeddable":true,"href":"http:\/\/www.portalmantena.com.br\/novo\/index.php?rest_route=%2Fwp%2Fv2%2Ftags&post=11821"}],"curies":[{"name":"wp","href":"https:\/\/api.w.org\/{rel}","templated":true}]}}