{"id":11432,"date":"2017-07-14T15:09:58","date_gmt":"2017-07-14T18:09:58","guid":{"rendered":"http:\/\/www.portalmantena.com.br\/novo\/?p=11432"},"modified":"2017-07-14T15:09:58","modified_gmt":"2017-07-14T18:09:58","slug":"a-juventude-catolica-movimentou-o-final-de-semana-em-mantena","status":"publish","type":"post","link":"http:\/\/www.portalmantena.com.br\/novo\/?p=11432","title":{"rendered":"A juventude cat\u00f3lica movimentou o final de semana em Mantena"},"content":{"rendered":"<p><a href=\"http:\/\/www.portalmantena.com.br\/novo\/wp-content\/uploads\/2017\/07\/no140717missa1.jpg\"><img loading=\"lazy\" class=\"alignnone size-full wp-image-11433\" src=\"http:\/\/www.portalmantena.com.br\/novo\/wp-content\/uploads\/2017\/07\/no140717missa1.jpg\" alt=\"\" width=\"700\" height=\"450\" srcset=\"http:\/\/www.portalmantena.com.br\/novo\/wp-content\/uploads\/2017\/07\/no140717missa1.jpg 700w, http:\/\/www.portalmantena.com.br\/novo\/wp-content\/uploads\/2017\/07\/no140717missa1-300x193.jpg 300w, http:\/\/www.portalmantena.com.br\/novo\/wp-content\/uploads\/2017\/07\/no140717missa1-696x447.jpg 696w, http:\/\/www.portalmantena.com.br\/novo\/wp-content\/uploads\/2017\/07\/no140717missa1-653x420.jpg 653w\" sizes=\"(max-width: 700px) 100vw, 700px\" \/><\/a><\/p>\n<p><span style=\"font-size: 14pt;\">A juventude cat\u00f3lica mantenense se mobilizou no \u00faltimo final de semana em Mantena, realizando na cidade um encontro que teve o tema \u201cEu sou Revolu\u00e7\u00e3o Jesus\u201d. <\/span><\/p>\n<p><span style=\"font-size: 14pt;\">O evento movimentou a cidade no \u00faltimo s\u00e1bado dia 08 de Julho, em v\u00e1rios locais da cidade. Por volta das 15 horas aconteceu uma Santa Missa nas depend\u00eancias da quadra do bairro Vila Nova, em seguida um mega louvor invadiu as ruas, com os jovens cantando louvores e seguindo rumo a avenida Jos\u00e9 Mol onde em frente \u00e0 pra\u00e7a Fernandes Filho participou de um outro belo momento. <\/span><\/p>\n<p><span style=\"font-size: 14pt;\">Um palco bem estruturado foi montado no local, e uma programa\u00e7\u00e3o cheia de m\u00fasica e reflex\u00f5es aconteceu. O Minist\u00e9rio Sentinelas em Miss\u00e3o e ainda Diego Fernandes, movimentaram o palco das atra\u00e7\u00f5es. <\/span><\/p>\n<p><span style=\"font-size: 14pt;\">No mesmo local estava \u00e0 disposi\u00e7\u00e3o dos participantes uma pra\u00e7a de alimenta\u00e7\u00e3o com barraquinhas. Foi sem d\u00favida um excelente momento de adora\u00e7\u00e3o e louvor a Deus, envolvendo a comunidade cat\u00f3lica bem como em sua maioria a juventude. <\/span><\/p>\n<p><span style=\"font-size: 14pt;\">A pol\u00edcia militar esteve presente apoiando a realiza\u00e7\u00e3o do evento.<\/span><\/p>\n<p><a href=\"http:\/\/www.portalmantena.com.br\/novo\/wp-content\/uploads\/2017\/07\/no140717missa2.jpg\"><img loading=\"lazy\" class=\"alignnone size-full wp-image-11434\" src=\"http:\/\/www.portalmantena.com.br\/novo\/wp-content\/uploads\/2017\/07\/no140717missa2.jpg\" alt=\"\" width=\"700\" height=\"450\" srcset=\"http:\/\/www.portalmantena.com.br\/novo\/wp-content\/uploads\/2017\/07\/no140717missa2.jpg 700w, http:\/\/www.portalmantena.com.br\/novo\/wp-content\/uploads\/2017\/07\/no140717missa2-300x193.jpg 300w, http:\/\/www.portalmantena.com.br\/novo\/wp-content\/uploads\/2017\/07\/no140717missa2-696x447.jpg 696w, http:\/\/www.portalmantena.com.br\/novo\/wp-content\/uploads\/2017\/07\/no140717missa2-653x420.jpg 653w\" sizes=\"(max-width: 700px) 100vw, 700px\" \/><\/a> <a href=\"http:\/\/www.portalmantena.com.br\/novo\/wp-content\/uploads\/2017\/07\/no140717missa3.jpg\"><img loading=\"lazy\" class=\"alignnone size-full wp-image-11435\" src=\"http:\/\/www.portalmantena.com.br\/novo\/wp-content\/uploads\/2017\/07\/no140717missa3.jpg\" alt=\"\" width=\"700\" height=\"450\" srcset=\"http:\/\/www.portalmantena.com.br\/novo\/wp-content\/uploads\/2017\/07\/no140717missa3.jpg 700w, http:\/\/www.portalmantena.com.br\/novo\/wp-content\/uploads\/2017\/07\/no140717missa3-300x193.jpg 300w, http:\/\/www.portalmantena.com.br\/novo\/wp-content\/uploads\/2017\/07\/no140717missa3-696x447.jpg 696w, http:\/\/www.portalmantena.com.br\/novo\/wp-content\/uploads\/2017\/07\/no140717missa3-653x420.jpg 653w\" sizes=\"(max-width: 700px) 100vw, 700px\" \/><\/a> <a href=\"http:\/\/www.portalmantena.com.br\/novo\/wp-content\/uploads\/2017\/07\/no140717missa4.jpg\"><img loading=\"lazy\" class=\"alignnone size-full wp-image-11436\" src=\"http:\/\/www.portalmantena.com.br\/novo\/wp-content\/uploads\/2017\/07\/no140717missa4.jpg\" alt=\"\" width=\"700\" height=\"450\" srcset=\"http:\/\/www.portalmantena.com.br\/novo\/wp-content\/uploads\/2017\/07\/no140717missa4.jpg 700w, http:\/\/www.portalmantena.com.br\/novo\/wp-content\/uploads\/2017\/07\/no140717missa4-300x193.jpg 300w, http:\/\/www.portalmantena.com.br\/novo\/wp-content\/uploads\/2017\/07\/no140717missa4-696x447.jpg 696w, http:\/\/www.portalmantena.com.br\/novo\/wp-content\/uploads\/2017\/07\/no140717missa4-653x420.jpg 653w\" sizes=\"(max-width: 700px) 100vw, 700px\" \/><\/a> <a href=\"http:\/\/www.portalmantena.com.br\/novo\/wp-content\/uploads\/2017\/07\/no140717missa5.jpg\"><img loading=\"lazy\" class=\"alignnone size-full wp-image-11437\" src=\"http:\/\/www.portalmantena.com.br\/novo\/wp-content\/uploads\/2017\/07\/no140717missa5.jpg\" alt=\"\" width=\"700\" height=\"450\" srcset=\"http:\/\/www.portalmantena.com.br\/novo\/wp-content\/uploads\/2017\/07\/no140717missa5.jpg 700w, http:\/\/www.portalmantena.com.br\/novo\/wp-content\/uploads\/2017\/07\/no140717missa5-300x193.jpg 300w, http:\/\/www.portalmantena.com.br\/novo\/wp-content\/uploads\/2017\/07\/no140717missa5-696x447.jpg 696w, http:\/\/www.portalmantena.com.br\/novo\/wp-content\/uploads\/2017\/07\/no140717missa5-653x420.jpg 653w\" sizes=\"(max-width: 700px) 100vw, 700px\" \/><\/a> <a href=\"http:\/\/www.portalmantena.com.br\/novo\/wp-content\/uploads\/2017\/07\/no140717missa6.jpg\"><img loading=\"lazy\" class=\"alignnone size-full wp-image-11438\" src=\"http:\/\/www.portalmantena.com.br\/novo\/wp-content\/uploads\/2017\/07\/no140717missa6.jpg\" alt=\"\" width=\"700\" height=\"450\" srcset=\"http:\/\/www.portalmantena.com.br\/novo\/wp-content\/uploads\/2017\/07\/no140717missa6.jpg 700w, http:\/\/www.portalmantena.com.br\/novo\/wp-content\/uploads\/2017\/07\/no140717missa6-300x193.jpg 300w, http:\/\/www.portalmantena.com.br\/novo\/wp-content\/uploads\/2017\/07\/no140717missa6-696x447.jpg 696w, http:\/\/www.portalmantena.com.br\/novo\/wp-content\/uploads\/2017\/07\/no140717missa6-653x420.jpg 653w\" sizes=\"(max-width: 700px) 100vw, 700px\" \/><\/a> <a href=\"http:\/\/www.portalmantena.com.br\/novo\/wp-content\/uploads\/2017\/07\/no140717missa7.jpg\"><img loading=\"lazy\" class=\"alignnone size-full wp-image-11439\" src=\"http:\/\/www.portalmantena.com.br\/novo\/wp-content\/uploads\/2017\/07\/no140717missa7.jpg\" alt=\"\" width=\"700\" height=\"450\" srcset=\"http:\/\/www.portalmantena.com.br\/novo\/wp-content\/uploads\/2017\/07\/no140717missa7.jpg 700w, http:\/\/www.portalmantena.com.br\/novo\/wp-content\/uploads\/2017\/07\/no140717missa7-300x193.jpg 300w, http:\/\/www.portalmantena.com.br\/novo\/wp-content\/uploads\/2017\/07\/no140717missa7-696x447.jpg 696w, http:\/\/www.portalmantena.com.br\/novo\/wp-content\/uploads\/2017\/07\/no140717missa7-653x420.jpg 653w\" sizes=\"(max-width: 700px) 100vw, 700px\" \/><\/a> <a href=\"http:\/\/www.portalmantena.com.br\/novo\/wp-content\/uploads\/2017\/07\/no140717missa8.jpg\"><img loading=\"lazy\" class=\"alignnone size-full wp-image-11440\" src=\"http:\/\/www.portalmantena.com.br\/novo\/wp-content\/uploads\/2017\/07\/no140717missa8.jpg\" alt=\"\" width=\"700\" height=\"450\" srcset=\"http:\/\/www.portalmantena.com.br\/novo\/wp-content\/uploads\/2017\/07\/no140717missa8.jpg 700w, http:\/\/www.portalmantena.com.br\/novo\/wp-content\/uploads\/2017\/07\/no140717missa8-300x193.jpg 300w, http:\/\/www.portalmantena.com.br\/novo\/wp-content\/uploads\/2017\/07\/no140717missa8-696x447.jpg 696w, http:\/\/www.portalmantena.com.br\/novo\/wp-content\/uploads\/2017\/07\/no140717missa8-653x420.jpg 653w\" sizes=\"(max-width: 700px) 100vw, 700px\" \/><\/a> <a href=\"http:\/\/www.portalmantena.com.br\/novo\/wp-content\/uploads\/2017\/07\/no140717missa9.jpg\"><img loading=\"lazy\" class=\"alignnone size-full wp-image-11441\" src=\"http:\/\/www.portalmantena.com.br\/novo\/wp-content\/uploads\/2017\/07\/no140717missa9.jpg\" alt=\"\" width=\"700\" height=\"450\" srcset=\"http:\/\/www.portalmantena.com.br\/novo\/wp-content\/uploads\/2017\/07\/no140717missa9.jpg 700w, http:\/\/www.portalmantena.com.br\/novo\/wp-content\/uploads\/2017\/07\/no140717missa9-300x193.jpg 300w, http:\/\/www.portalmantena.com.br\/novo\/wp-content\/uploads\/2017\/07\/no140717missa9-696x447.jpg 696w, http:\/\/www.portalmantena.com.br\/novo\/wp-content\/uploads\/2017\/07\/no140717missa9-653x420.jpg 653w\" sizes=\"(max-width: 700px) 100vw, 700px\" \/><\/a> <a href=\"http:\/\/www.portalmantena.com.br\/novo\/wp-content\/uploads\/2017\/07\/no140717missa10.jpg\"><img loading=\"lazy\" class=\"alignnone size-full wp-image-11442\" src=\"http:\/\/www.portalmantena.com.br\/novo\/wp-content\/uploads\/2017\/07\/no140717missa10.jpg\" alt=\"\" width=\"700\" height=\"450\" srcset=\"http:\/\/www.portalmantena.com.br\/novo\/wp-content\/uploads\/2017\/07\/no140717missa10.jpg 700w, http:\/\/www.portalmantena.com.br\/novo\/wp-content\/uploads\/2017\/07\/no140717missa10-300x193.jpg 300w, http:\/\/www.portalmantena.com.br\/novo\/wp-content\/uploads\/2017\/07\/no140717missa10-696x447.jpg 696w, http:\/\/www.portalmantena.com.br\/novo\/wp-content\/uploads\/2017\/07\/no140717missa10-653x420.jpg 653w\" sizes=\"(max-width: 700px) 100vw, 700px\" \/><\/a> <a href=\"http:\/\/www.portalmantena.com.br\/novo\/wp-content\/uploads\/2017\/07\/no140717missa11.jpg\"><img loading=\"lazy\" class=\"alignnone size-full wp-image-11443\" src=\"http:\/\/www.portalmantena.com.br\/novo\/wp-content\/uploads\/2017\/07\/no140717missa11.jpg\" alt=\"\" width=\"700\" height=\"450\" srcset=\"http:\/\/www.portalmantena.com.br\/novo\/wp-content\/uploads\/2017\/07\/no140717missa11.jpg 700w, http:\/\/www.portalmantena.com.br\/novo\/wp-content\/uploads\/2017\/07\/no140717missa11-300x193.jpg 300w, http:\/\/www.portalmantena.com.br\/novo\/wp-content\/uploads\/2017\/07\/no140717missa11-696x447.jpg 696w, http:\/\/www.portalmantena.com.br\/novo\/wp-content\/uploads\/2017\/07\/no140717missa11-653x420.jpg 653w\" sizes=\"(max-width: 700px) 100vw, 700px\" \/><\/a><\/p>\n","protected":false},"excerpt":{"rendered":"<p>A juventude cat\u00f3lica mantenense se mobilizou no \u00faltimo final de semana em Mantena, realizando na cidade um encontro que teve o tema \u201cEu sou Revolu\u00e7\u00e3o Jesus\u201d. O evento movimentou a cidade no \u00faltimo s\u00e1bado dia 08 de Julho, em v\u00e1rios locais da cidade. Por volta das 15 horas aconteceu uma Santa Missa nas depend\u00eancias da [&hellip;]<\/p>\n","protected":false},"author":1,"featured_media":11441,"comment_status":"open","ping_status":"open","sticky":false,"template":"","format":"standard","meta":[],"categories":[36,11],"tags":[],"_links":{"self":[{"href":"http:\/\/www.portalmantena.com.br\/novo\/index.php?rest_route=\/wp\/v2\/posts\/11432"}],"collection":[{"href":"http:\/\/www.portalmantena.com.br\/novo\/index.php?rest_route=\/wp\/v2\/posts"}],"about":[{"href":"http:\/\/www.portalmantena.com.br\/novo\/index.php?rest_route=\/wp\/v2\/types\/post"}],"author":[{"embeddable":true,"href":"http:\/\/www.portalmantena.com.br\/novo\/index.php?rest_route=\/wp\/v2\/users\/1"}],"replies":[{"embeddable":true,"href":"http:\/\/www.portalmantena.com.br\/novo\/index.php?rest_route=%2Fwp%2Fv2%2Fcomments&post=11432"}],"version-history":[{"count":1,"href":"http:\/\/www.portalmantena.com.br\/novo\/index.php?rest_route=\/wp\/v2\/posts\/11432\/revisions"}],"predecessor-version":[{"id":11444,"href":"http:\/\/www.portalmantena.com.br\/novo\/index.php?rest_route=\/wp\/v2\/posts\/11432\/revisions\/11444"}],"wp:featuredmedia":[{"embeddable":true,"href":"http:\/\/www.portalmantena.com.br\/novo\/index.php?rest_route=\/wp\/v2\/media\/11441"}],"wp:attachment":[{"href":"http:\/\/www.portalmantena.com.br\/novo\/index.php?rest_route=%2Fwp%2Fv2%2Fmedia&parent=11432"}],"wp:term":[{"taxonomy":"category","embeddable":true,"href":"http:\/\/www.portalmantena.com.br\/novo\/index.php?rest_route=%2Fwp%2Fv2%2Fcategories&post=11432"},{"taxonomy":"post_tag","embeddable":true,"href":"http:\/\/www.portalmantena.com.br\/novo\/index.php?rest_route=%2Fwp%2Fv2%2Ftags&post=11432"}],"curies":[{"name":"wp","href":"https:\/\/api.w.org\/{rel}","templated":true}]}}