{"id":11416,"date":"2017-07-14T14:14:26","date_gmt":"2017-07-14T17:14:26","guid":{"rendered":"http:\/\/www.portalmantena.com.br\/novo\/?p=11416"},"modified":"2017-07-14T14:14:26","modified_gmt":"2017-07-14T17:14:26","slug":"policia-civil-prende-autor-de-roubos-a-lojas-em-mantena","status":"publish","type":"post","link":"http:\/\/www.portalmantena.com.br\/novo\/?p=11416","title":{"rendered":"Pol\u00edcia Civil prende autor de roubos a lojas em Mantena"},"content":{"rendered":"<p><a href=\"http:\/\/www.portalmantena.com.br\/novo\/wp-content\/uploads\/2017\/07\/no140717prisao.jpg\"><img loading=\"lazy\" class=\"alignnone size-full wp-image-11417\" src=\"http:\/\/www.portalmantena.com.br\/novo\/wp-content\/uploads\/2017\/07\/no140717prisao.jpg\" alt=\"\" width=\"700\" height=\"450\" srcset=\"http:\/\/www.portalmantena.com.br\/novo\/wp-content\/uploads\/2017\/07\/no140717prisao.jpg 700w, http:\/\/www.portalmantena.com.br\/novo\/wp-content\/uploads\/2017\/07\/no140717prisao-300x193.jpg 300w, http:\/\/www.portalmantena.com.br\/novo\/wp-content\/uploads\/2017\/07\/no140717prisao-696x447.jpg 696w, http:\/\/www.portalmantena.com.br\/novo\/wp-content\/uploads\/2017\/07\/no140717prisao-653x420.jpg 653w\" sizes=\"(max-width: 700px) 100vw, 700px\" \/><\/a><\/p>\n<p><span style=\"font-size: 14pt;\">Na manh\u00e3 desta sexta-feira dia 14 de Julho, Investigadores da Delegacia de Pol\u00edcia de Mantena efetuaram a pris\u00e3o de J.D.S. de 34 anos, acusado de cometer diversos furtos e roubos na cidade de Mantena nos \u00faltimos meses. <\/span><\/p>\n<p><span style=\"font-size: 14pt;\">A pris\u00e3o ocorreu ap\u00f3s a expedi\u00e7\u00e3o de mandado de pris\u00e3o preventiva pelo Poder Judici\u00e1rio local, a pedido da Pol\u00edcia Civil, tendo em vista v\u00e1rias ocorr\u00eancias envolvendo o acusado. <\/span><\/p>\n<p><span style=\"font-size: 14pt;\">O autor \u00e9 investigado por um roubo a uma loja de roupas ocorrido no final do m\u00eas de abril, bem como outros tr\u00eas furtos praticados nos \u00faltimos 20 dias, entre eles, a subtra\u00e7\u00e3o de um rel\u00f3gio registrada em uma loja do centro no \u00faltimo fim de semana. <\/span><\/p>\n<p><span style=\"font-size: 14pt;\">O acusado ser\u00e1 encaminhado ao Pres\u00eddio Regional de Mantena e ficar\u00e1 \u00e0 disposi\u00e7\u00e3o da Justi\u00e7a.<\/span><\/p>\n","protected":false},"excerpt":{"rendered":"<p>Na manh\u00e3 desta sexta-feira dia 14 de Julho, Investigadores da Delegacia de Pol\u00edcia de Mantena efetuaram a pris\u00e3o de J.D.S. de 34 anos, acusado de cometer diversos furtos e roubos na cidade de Mantena nos \u00faltimos meses. A pris\u00e3o ocorreu ap\u00f3s a expedi\u00e7\u00e3o de mandado de pris\u00e3o preventiva pelo Poder Judici\u00e1rio local, a pedido da [&hellip;]<\/p>\n","protected":false},"author":1,"featured_media":11417,"comment_status":"open","ping_status":"open","sticky":false,"template":"","format":"standard","meta":[],"categories":[11,34],"tags":[],"_links":{"self":[{"href":"http:\/\/www.portalmantena.com.br\/novo\/index.php?rest_route=\/wp\/v2\/posts\/11416"}],"collection":[{"href":"http:\/\/www.portalmantena.com.br\/novo\/index.php?rest_route=\/wp\/v2\/posts"}],"about":[{"href":"http:\/\/www.portalmantena.com.br\/novo\/index.php?rest_route=\/wp\/v2\/types\/post"}],"author":[{"embeddable":true,"href":"http:\/\/www.portalmantena.com.br\/novo\/index.php?rest_route=\/wp\/v2\/users\/1"}],"replies":[{"embeddable":true,"href":"http:\/\/www.portalmantena.com.br\/novo\/index.php?rest_route=%2Fwp%2Fv2%2Fcomments&post=11416"}],"version-history":[{"count":1,"href":"http:\/\/www.portalmantena.com.br\/novo\/index.php?rest_route=\/wp\/v2\/posts\/11416\/revisions"}],"predecessor-version":[{"id":11418,"href":"http:\/\/www.portalmantena.com.br\/novo\/index.php?rest_route=\/wp\/v2\/posts\/11416\/revisions\/11418"}],"wp:featuredmedia":[{"embeddable":true,"href":"http:\/\/www.portalmantena.com.br\/novo\/index.php?rest_route=\/wp\/v2\/media\/11417"}],"wp:attachment":[{"href":"http:\/\/www.portalmantena.com.br\/novo\/index.php?rest_route=%2Fwp%2Fv2%2Fmedia&parent=11416"}],"wp:term":[{"taxonomy":"category","embeddable":true,"href":"http:\/\/www.portalmantena.com.br\/novo\/index.php?rest_route=%2Fwp%2Fv2%2Fcategories&post=11416"},{"taxonomy":"post_tag","embeddable":true,"href":"http:\/\/www.portalmantena.com.br\/novo\/index.php?rest_route=%2Fwp%2Fv2%2Ftags&post=11416"}],"curies":[{"name":"wp","href":"https:\/\/api.w.org\/{rel}","templated":true}]}}