{"id":11078,"date":"2017-07-11T09:38:06","date_gmt":"2017-07-11T12:38:06","guid":{"rendered":"http:\/\/www.portalmantena.com.br\/novo\/?p=11078"},"modified":"2017-07-11T09:38:06","modified_gmt":"2017-07-11T12:38:06","slug":"lassic-alves-concluindo-curso-em-seminario-de-teologia","status":"publish","type":"post","link":"http:\/\/www.portalmantena.com.br\/novo\/?p=11078","title":{"rendered":"Lassic Alves concluindo curso em Semin\u00e1rio de Teologia"},"content":{"rendered":"<p><a href=\"http:\/\/www.portalmantena.com.br\/novo\/wp-content\/uploads\/2017\/07\/vi110717lacic1.jpg\"><img loading=\"lazy\" class=\"alignnone size-full wp-image-11079\" src=\"http:\/\/www.portalmantena.com.br\/novo\/wp-content\/uploads\/2017\/07\/vi110717lacic1.jpg\" alt=\"\" width=\"700\" height=\"450\" srcset=\"http:\/\/www.portalmantena.com.br\/novo\/wp-content\/uploads\/2017\/07\/vi110717lacic1.jpg 700w, http:\/\/www.portalmantena.com.br\/novo\/wp-content\/uploads\/2017\/07\/vi110717lacic1-300x193.jpg 300w, http:\/\/www.portalmantena.com.br\/novo\/wp-content\/uploads\/2017\/07\/vi110717lacic1-696x447.jpg 696w, http:\/\/www.portalmantena.com.br\/novo\/wp-content\/uploads\/2017\/07\/vi110717lacic1-653x420.jpg 653w\" sizes=\"(max-width: 700px) 100vw, 700px\" \/><\/a><\/p>\n<p><span style=\"font-size: 14pt;\">O nosso amigo, Lassic Alves recebendo o diploma de conclus\u00e3o do curso de Teologia no Semin\u00e1rio Seifa Teologia, realizado pela Assembl\u00e9ia Minist\u00e9rio Madureira em Mantena. Uma turma especial, e como bem disse o formando Lassic \u201cTudo para a Gl\u00f3ria de Deus\u201d. Parab\u00e9ns amigos por esta conquista.<\/span><\/p>\n<p><a href=\"http:\/\/www.portalmantena.com.br\/novo\/wp-content\/uploads\/2017\/07\/vi110717lacic2.jpg\"><img loading=\"lazy\" class=\"alignnone size-full wp-image-11080\" src=\"http:\/\/www.portalmantena.com.br\/novo\/wp-content\/uploads\/2017\/07\/vi110717lacic2.jpg\" alt=\"\" width=\"700\" height=\"450\" srcset=\"http:\/\/www.portalmantena.com.br\/novo\/wp-content\/uploads\/2017\/07\/vi110717lacic2.jpg 700w, http:\/\/www.portalmantena.com.br\/novo\/wp-content\/uploads\/2017\/07\/vi110717lacic2-300x193.jpg 300w, http:\/\/www.portalmantena.com.br\/novo\/wp-content\/uploads\/2017\/07\/vi110717lacic2-696x447.jpg 696w, http:\/\/www.portalmantena.com.br\/novo\/wp-content\/uploads\/2017\/07\/vi110717lacic2-653x420.jpg 653w\" sizes=\"(max-width: 700px) 100vw, 700px\" \/><\/a><\/p>\n","protected":false},"excerpt":{"rendered":"<p>O nosso amigo, Lassic Alves recebendo o diploma de conclus\u00e3o do curso de Teologia no Semin\u00e1rio Seifa Teologia, realizado pela Assembl\u00e9ia Minist\u00e9rio Madureira em Mantena. Uma turma especial, e como bem disse o formando Lassic \u201cTudo para a Gl\u00f3ria de Deus\u201d. Parab\u00e9ns amigos por esta conquista.<\/p>\n","protected":false},"author":1,"featured_media":11080,"comment_status":"open","ping_status":"open","sticky":false,"template":"","format":"standard","meta":[],"categories":[7,53],"tags":[],"_links":{"self":[{"href":"http:\/\/www.portalmantena.com.br\/novo\/index.php?rest_route=\/wp\/v2\/posts\/11078"}],"collection":[{"href":"http:\/\/www.portalmantena.com.br\/novo\/index.php?rest_route=\/wp\/v2\/posts"}],"about":[{"href":"http:\/\/www.portalmantena.com.br\/novo\/index.php?rest_route=\/wp\/v2\/types\/post"}],"author":[{"embeddable":true,"href":"http:\/\/www.portalmantena.com.br\/novo\/index.php?rest_route=\/wp\/v2\/users\/1"}],"replies":[{"embeddable":true,"href":"http:\/\/www.portalmantena.com.br\/novo\/index.php?rest_route=%2Fwp%2Fv2%2Fcomments&post=11078"}],"version-history":[{"count":1,"href":"http:\/\/www.portalmantena.com.br\/novo\/index.php?rest_route=\/wp\/v2\/posts\/11078\/revisions"}],"predecessor-version":[{"id":11081,"href":"http:\/\/www.portalmantena.com.br\/novo\/index.php?rest_route=\/wp\/v2\/posts\/11078\/revisions\/11081"}],"wp:featuredmedia":[{"embeddable":true,"href":"http:\/\/www.portalmantena.com.br\/novo\/index.php?rest_route=\/wp\/v2\/media\/11080"}],"wp:attachment":[{"href":"http:\/\/www.portalmantena.com.br\/novo\/index.php?rest_route=%2Fwp%2Fv2%2Fmedia&parent=11078"}],"wp:term":[{"taxonomy":"category","embeddable":true,"href":"http:\/\/www.portalmantena.com.br\/novo\/index.php?rest_route=%2Fwp%2Fv2%2Fcategories&post=11078"},{"taxonomy":"post_tag","embeddable":true,"href":"http:\/\/www.portalmantena.com.br\/novo\/index.php?rest_route=%2Fwp%2Fv2%2Ftags&post=11078"}],"curies":[{"name":"wp","href":"https:\/\/api.w.org\/{rel}","templated":true}]}}