{"id":11067,"date":"2017-07-11T09:07:55","date_gmt":"2017-07-11T12:07:55","guid":{"rendered":"http:\/\/www.portalmantena.com.br\/novo\/?p=11067"},"modified":"2017-07-11T09:16:23","modified_gmt":"2017-07-11T12:16:23","slug":"homem-e-morto-a-tiros-dentro-de-seu-bar-em-sao-joao-do-manteninha","status":"publish","type":"post","link":"http:\/\/www.portalmantena.com.br\/novo\/?p=11067","title":{"rendered":"Homem \u00e9 morto a tiros dentro de seu bar"},"content":{"rendered":"<p><a href=\"http:\/\/www.portalmantena.com.br\/novo\/wp-content\/uploads\/2017\/07\/no110717arma.jpg\"><img loading=\"lazy\" class=\"alignnone size-full wp-image-11068\" src=\"http:\/\/www.portalmantena.com.br\/novo\/wp-content\/uploads\/2017\/07\/no110717arma.jpg\" alt=\"\" width=\"700\" height=\"450\" srcset=\"http:\/\/www.portalmantena.com.br\/novo\/wp-content\/uploads\/2017\/07\/no110717arma.jpg 700w, http:\/\/www.portalmantena.com.br\/novo\/wp-content\/uploads\/2017\/07\/no110717arma-300x193.jpg 300w, http:\/\/www.portalmantena.com.br\/novo\/wp-content\/uploads\/2017\/07\/no110717arma-696x447.jpg 696w, http:\/\/www.portalmantena.com.br\/novo\/wp-content\/uploads\/2017\/07\/no110717arma-653x420.jpg 653w\" sizes=\"(max-width: 700px) 100vw, 700px\" \/><\/a><\/p>\n<p><span style=\"font-size: 14pt;\">Mais um homic\u00eddio foi registrado na regi\u00e3o, desta vez na cidade de S\u00e3o Jo\u00e3o do Manteninha na noite desta segunda-feira dia 10 de Julho. Segundo informa\u00e7\u00f5es, um homem identificado como Oliveira Jos\u00e9 Reis, (conhecido como Oliveirinha), foi morto a tiros quando estava dentro de seu bar, situado pr\u00f3ximo da Prefeitura Municipal. <\/span><\/p>\n<p><span style=\"font-size: 14pt;\">Dois homens teriam chegaram em uma motocicleta e um deles se aproximou efetuando v\u00e1rios disparos \u00e0 queima roupa, sem chances de defesa da v\u00edtima. O corpo da v\u00edtima ficou sobre uma mesa dentro do estabelecimento (atr\u00e1s do balc\u00e3o). <\/span><\/p>\n<p><span style=\"font-size: 14pt;\">Os vizinhos ficaram assustados com o homic\u00eddio, afinal foi praticado em um local onde normalmente existe a circula\u00e7\u00e3o de v\u00e1rias pessoas. A pol\u00edcia militar foi acionada isolando a \u00e1rea at\u00e9 a chegada da equipe do IML de Governador Valadares. Crime ser\u00e1 investigado pela pol\u00edcia civil.<\/span><\/p>\n","protected":false},"excerpt":{"rendered":"<p>Mais um homic\u00eddio foi registrado na regi\u00e3o, desta vez na cidade de S\u00e3o Jo\u00e3o do Manteninha na noite desta segunda-feira dia 10 de Julho. Segundo informa\u00e7\u00f5es, um homem identificado como Oliveira Jos\u00e9 Reis, (conhecido como Oliveirinha), foi morto a tiros quando estava dentro de seu bar, situado pr\u00f3ximo da Prefeitura Municipal. Dois homens teriam chegaram [&hellip;]<\/p>\n","protected":false},"author":1,"featured_media":11068,"comment_status":"open","ping_status":"open","sticky":false,"template":"","format":"standard","meta":[],"categories":[11,34],"tags":[],"_links":{"self":[{"href":"http:\/\/www.portalmantena.com.br\/novo\/index.php?rest_route=\/wp\/v2\/posts\/11067"}],"collection":[{"href":"http:\/\/www.portalmantena.com.br\/novo\/index.php?rest_route=\/wp\/v2\/posts"}],"about":[{"href":"http:\/\/www.portalmantena.com.br\/novo\/index.php?rest_route=\/wp\/v2\/types\/post"}],"author":[{"embeddable":true,"href":"http:\/\/www.portalmantena.com.br\/novo\/index.php?rest_route=\/wp\/v2\/users\/1"}],"replies":[{"embeddable":true,"href":"http:\/\/www.portalmantena.com.br\/novo\/index.php?rest_route=%2Fwp%2Fv2%2Fcomments&post=11067"}],"version-history":[{"count":4,"href":"http:\/\/www.portalmantena.com.br\/novo\/index.php?rest_route=\/wp\/v2\/posts\/11067\/revisions"}],"predecessor-version":[{"id":11074,"href":"http:\/\/www.portalmantena.com.br\/novo\/index.php?rest_route=\/wp\/v2\/posts\/11067\/revisions\/11074"}],"wp:featuredmedia":[{"embeddable":true,"href":"http:\/\/www.portalmantena.com.br\/novo\/index.php?rest_route=\/wp\/v2\/media\/11068"}],"wp:attachment":[{"href":"http:\/\/www.portalmantena.com.br\/novo\/index.php?rest_route=%2Fwp%2Fv2%2Fmedia&parent=11067"}],"wp:term":[{"taxonomy":"category","embeddable":true,"href":"http:\/\/www.portalmantena.com.br\/novo\/index.php?rest_route=%2Fwp%2Fv2%2Fcategories&post=11067"},{"taxonomy":"post_tag","embeddable":true,"href":"http:\/\/www.portalmantena.com.br\/novo\/index.php?rest_route=%2Fwp%2Fv2%2Ftags&post=11067"}],"curies":[{"name":"wp","href":"https:\/\/api.w.org\/{rel}","templated":true}]}}