{"id":1106,"date":"2017-02-14T14:46:38","date_gmt":"2017-02-14T14:46:38","guid":{"rendered":"http:\/\/www.portalmantena.com.br\/novo\/?p=1106"},"modified":"2017-02-14T15:33:09","modified_gmt":"2017-02-14T15:33:09","slug":"com-bale-e-cr7-real-treina-com-todo-elenco-antes-de-duelo-contra-o-napoli","status":"publish","type":"post","link":"http:\/\/www.portalmantena.com.br\/novo\/?p=1106","title":{"rendered":"Com Bale e CR7, Real treina com todo elenco antes de  duelo"},"content":{"rendered":"<p><a href=\"http:\/\/www.portalmantena.com.br\/novo\/wp-content\/uploads\/2017\/02\/es140217real.jpg\"><img loading=\"lazy\" class=\"alignnone size-full wp-image-1107\" src=\"http:\/\/www.portalmantena.com.br\/novo\/wp-content\/uploads\/2017\/02\/es140217real.jpg\" alt=\"\" width=\"650\" height=\"420\" srcset=\"http:\/\/www.portalmantena.com.br\/novo\/wp-content\/uploads\/2017\/02\/es140217real.jpg 650w, http:\/\/www.portalmantena.com.br\/novo\/wp-content\/uploads\/2017\/02\/es140217real-300x194.jpg 300w\" sizes=\"(max-width: 650px) 100vw, 650px\" \/><\/a><\/p>\n<p>&gt;&gt;&gt;Com Cristiano Ronaldo e Gareth Bale, Zidane p\u00f4de enfim contar com os 24 jogadores do elenco principal em um treino do Real Madrid, nesta ter\u00e7a-feira, v\u00e9spera do duelo contra o Napoli pela Liga dos Campe\u00f5es. Se o craque portugu\u00eas est\u00e1 \u00e0 disposi\u00e7\u00e3o do t\u00e9cnico franc\u00eas para o duelo pela Champions, o gal\u00eas ainda \u00e9 presen\u00e7a incerta contra os italianos. O treinador ainda adota cautela com seu camisa 11, que sofreu uma grave les\u00e3o no tornozelo direito antes do Mundial no Jap\u00e3o, e prefere reavali\u00e1-lo. A inten\u00e7\u00e3o de Zidane era mand\u00e1-lo a campo apenas no s\u00e1bado, contra o Espanyol, para ganhar minutos em campo. Gareth Bale teve uma luxa\u00e7\u00e3o traum\u00e1tica dos tend\u00f5es do tornozelo direito, ainda em novembro do ano passado, e precisou passar por uma cirurgia &#8211; tendo a previs\u00e3o de dois a tr\u00eas meses para o retorno. H\u00e1 10 dias, voltou a trabalhar em campo e, agora, deu o \u00faltimo passo no processo de recupera\u00e7\u00e3o. A quest\u00e3o de Cristiano Ronaldo \u00e9 bem diferente. O portugu\u00eas apenas ficou fora do treino desta segunda, por conta de dores no joelho, mas n\u00e3o ser\u00e1 problema para ir a campo contra o Napoli. O GloboEsporte.com transmite o jogo contra o Napoli ao vivo na quarta-feira, \u00e0s 17h45 (de Bras\u00edlia). (fonte\/foto:globo)<\/p>\n","protected":false},"excerpt":{"rendered":"<p>&gt;&gt;&gt;Com Cristiano Ronaldo e Gareth Bale, Zidane p\u00f4de enfim contar com os 24 jogadores do elenco principal em um treino do Real Madrid, nesta ter\u00e7a-feira, v\u00e9spera do duelo contra o Napoli pela Liga dos Campe\u00f5es. Se o craque portugu\u00eas est\u00e1 \u00e0 disposi\u00e7\u00e3o do t\u00e9cnico franc\u00eas para o duelo pela Champions, o gal\u00eas ainda \u00e9 presen\u00e7a [&hellip;]<\/p>\n","protected":false},"author":1,"featured_media":1107,"comment_status":"open","ping_status":"open","sticky":false,"template":"","format":"standard","meta":[],"categories":[22],"tags":[],"_links":{"self":[{"href":"http:\/\/www.portalmantena.com.br\/novo\/index.php?rest_route=\/wp\/v2\/posts\/1106"}],"collection":[{"href":"http:\/\/www.portalmantena.com.br\/novo\/index.php?rest_route=\/wp\/v2\/posts"}],"about":[{"href":"http:\/\/www.portalmantena.com.br\/novo\/index.php?rest_route=\/wp\/v2\/types\/post"}],"author":[{"embeddable":true,"href":"http:\/\/www.portalmantena.com.br\/novo\/index.php?rest_route=\/wp\/v2\/users\/1"}],"replies":[{"embeddable":true,"href":"http:\/\/www.portalmantena.com.br\/novo\/index.php?rest_route=%2Fwp%2Fv2%2Fcomments&post=1106"}],"version-history":[{"count":5,"href":"http:\/\/www.portalmantena.com.br\/novo\/index.php?rest_route=\/wp\/v2\/posts\/1106\/revisions"}],"predecessor-version":[{"id":1121,"href":"http:\/\/www.portalmantena.com.br\/novo\/index.php?rest_route=\/wp\/v2\/posts\/1106\/revisions\/1121"}],"wp:featuredmedia":[{"embeddable":true,"href":"http:\/\/www.portalmantena.com.br\/novo\/index.php?rest_route=\/wp\/v2\/media\/1107"}],"wp:attachment":[{"href":"http:\/\/www.portalmantena.com.br\/novo\/index.php?rest_route=%2Fwp%2Fv2%2Fmedia&parent=1106"}],"wp:term":[{"taxonomy":"category","embeddable":true,"href":"http:\/\/www.portalmantena.com.br\/novo\/index.php?rest_route=%2Fwp%2Fv2%2Fcategories&post=1106"},{"taxonomy":"post_tag","embeddable":true,"href":"http:\/\/www.portalmantena.com.br\/novo\/index.php?rest_route=%2Fwp%2Fv2%2Ftags&post=1106"}],"curies":[{"name":"wp","href":"https:\/\/api.w.org\/{rel}","templated":true}]}}