{"id":11042,"date":"2017-07-11T08:07:09","date_gmt":"2017-07-11T11:07:09","guid":{"rendered":"http:\/\/www.portalmantena.com.br\/novo\/?p=11042"},"modified":"2017-07-11T08:07:09","modified_gmt":"2017-07-11T11:07:09","slug":"prefeitura-municipal-inaugura-a-1a-biblioteca-municipal-de-mantena-oferecendo-inclusao-digital","status":"publish","type":"post","link":"http:\/\/www.portalmantena.com.br\/novo\/?p=11042","title":{"rendered":"PREFEITURA MUNICIPAL INAUGURA A 1\u00aa BIBLIOTECA MUNICIPAL DE MANTENA, OFERECENDO INCLUS\u00c3O DIGITAL"},"content":{"rendered":"<p><a href=\"http:\/\/www.portalmantena.com.br\/novo\/wp-content\/uploads\/2017\/07\/no110717livro1.jpg\"><img loading=\"lazy\" class=\"alignnone size-full wp-image-11043\" src=\"http:\/\/www.portalmantena.com.br\/novo\/wp-content\/uploads\/2017\/07\/no110717livro1.jpg\" alt=\"\" width=\"700\" height=\"450\" srcset=\"http:\/\/www.portalmantena.com.br\/novo\/wp-content\/uploads\/2017\/07\/no110717livro1.jpg 700w, http:\/\/www.portalmantena.com.br\/novo\/wp-content\/uploads\/2017\/07\/no110717livro1-300x193.jpg 300w, http:\/\/www.portalmantena.com.br\/novo\/wp-content\/uploads\/2017\/07\/no110717livro1-696x447.jpg 696w, http:\/\/www.portalmantena.com.br\/novo\/wp-content\/uploads\/2017\/07\/no110717livro1-653x420.jpg 653w\" sizes=\"(max-width: 700px) 100vw, 700px\" \/><\/a><\/p>\n<h6><span style=\"font-size: 14pt; font-family: verdana, geneva, sans-serif;\">Dentre as transforma\u00e7\u00f5es pelas quais o munic\u00edpio de Mantena vem passando no in\u00edcio da atual administra\u00e7\u00e3o municipal, a tecnologia empregada em favor da educa\u00e7\u00e3o, tem sido um dos focos. Na tarde desta segunda-feira dia 10 de julho, mais uma importante a\u00e7\u00e3o de inclus\u00e3o digital foi realizada pela Prefeitura Municipal de Mantena e Secretaria Municipal de Cultura. <\/span><\/h6>\n<h6><span style=\"font-size: 14pt; font-family: verdana, geneva, sans-serif;\">Foi inaugurado uma Biblioteca Virtual, que est\u00e1 acoplado \u00e0 Secretaria Municipal da Cultura, na Rua 7 de Setembro n\u00b0 739 no Centro de Mantena. Este \u00e9 primeiro espa\u00e7o instalado pela Prefeitura Municipal de Mantena, que oferece acesso gratuito a computadores e \u00e0 internet. <\/span><\/h6>\n<h6><span style=\"font-size: 14pt; font-family: verdana, geneva, sans-serif;\">A Biblioteca Virtual \u00e9 equipada com 8 computadores, que j\u00e1 est\u00e1 dispon\u00edvel para toda comunidade mantenense. Cada aluno ter\u00e1 um tempo pr\u00e9 \u2013 determinado pelo monitor da biblioteca. Os equipamentos\u00a0poder\u00e3o ser\u00a0utilizados gratuitamente\u00a0para desenvolver trabalhos como edi\u00e7\u00e3o de textos e imagens, planilhas eletr\u00f4nicas, al\u00e9m da consulta de e-mails e pesquisa na internet.<\/span><\/h6>\n<h6><span style=\"font-size: 14pt; font-family: verdana, geneva, sans-serif;\"> \u201cA inform\u00e1tica est\u00e1 cada vez mais presente na nossa vida \u00e9 essa Biblioteca Virtual, ir\u00e1 oferecer oportunidades para aqueles que ainda n\u00e3o t\u00eam acesso aos computadores\u201d, destacou o Secret\u00e1rio de Cultura, Alcides Guerra durante a inaugura\u00e7\u00e3o. <\/span><\/h6>\n<h6><span style=\"font-size: 14pt; font-family: verdana, geneva, sans-serif;\">Representando o Prefeito Municipal de Mantena o Secret\u00e1rio da Municipal de Planejamento, Heverton Monteiro, ressaltou import\u00e2ncia da a\u00e7\u00e3o realizada pela Prefeitura e Secretaria Municipal de Cultura, para a amplia\u00e7\u00e3o da inclus\u00e3o digital no Munic\u00edpio. \u201cNossos esfor\u00e7os s\u00e3o para que todas as pessoas tenham as mesmas oportunidades de acesso \u00e0 tecnologia\u201d, explicou. <\/span><\/h6>\n<h6><span style=\"font-size: 14pt; font-family: verdana, geneva, sans-serif;\">O Vereador Sargento Ricardo, Vice-presidente da C\u00e2mara de Vereadores de Mantena, tamb\u00e9m esteve presente na inaugura\u00e7\u00e3o e parabenizou o Prefeito Municipal de Mantena \u00e9 o Secret\u00e1rio de Cultura pela iniciativa. A Biblioteca Virtual est\u00e1 situada \u00e0 Rua \u2013 \u00a07 de Setembro n\u00b0 739, e seu hor\u00e1rio de funcionamento \u00e9 de 8:00 \u00e0s 11:00 horas \/ 13:00 \u00e0s 16:00 horas, de Segunda a Sexta-feira.<\/span><\/h6>\n<p><a href=\"http:\/\/www.portalmantena.com.br\/novo\/wp-content\/uploads\/2017\/07\/no110717livro2.jpg\"><img loading=\"lazy\" class=\"alignnone size-full wp-image-11044\" src=\"http:\/\/www.portalmantena.com.br\/novo\/wp-content\/uploads\/2017\/07\/no110717livro2.jpg\" alt=\"\" width=\"700\" height=\"450\" srcset=\"http:\/\/www.portalmantena.com.br\/novo\/wp-content\/uploads\/2017\/07\/no110717livro2.jpg 700w, http:\/\/www.portalmantena.com.br\/novo\/wp-content\/uploads\/2017\/07\/no110717livro2-300x193.jpg 300w, http:\/\/www.portalmantena.com.br\/novo\/wp-content\/uploads\/2017\/07\/no110717livro2-696x447.jpg 696w, http:\/\/www.portalmantena.com.br\/novo\/wp-content\/uploads\/2017\/07\/no110717livro2-653x420.jpg 653w\" sizes=\"(max-width: 700px) 100vw, 700px\" \/><\/a> <a href=\"http:\/\/www.portalmantena.com.br\/novo\/wp-content\/uploads\/2017\/07\/no110717livro3.jpg\"><img loading=\"lazy\" class=\"alignnone size-full wp-image-11045\" src=\"http:\/\/www.portalmantena.com.br\/novo\/wp-content\/uploads\/2017\/07\/no110717livro3.jpg\" alt=\"\" width=\"700\" height=\"450\" srcset=\"http:\/\/www.portalmantena.com.br\/novo\/wp-content\/uploads\/2017\/07\/no110717livro3.jpg 700w, http:\/\/www.portalmantena.com.br\/novo\/wp-content\/uploads\/2017\/07\/no110717livro3-300x193.jpg 300w, http:\/\/www.portalmantena.com.br\/novo\/wp-content\/uploads\/2017\/07\/no110717livro3-696x447.jpg 696w, http:\/\/www.portalmantena.com.br\/novo\/wp-content\/uploads\/2017\/07\/no110717livro3-653x420.jpg 653w\" sizes=\"(max-width: 700px) 100vw, 700px\" \/><\/a> <a href=\"http:\/\/www.portalmantena.com.br\/novo\/wp-content\/uploads\/2017\/07\/no110717livro4.jpg\"><img loading=\"lazy\" class=\"alignnone size-full wp-image-11046\" src=\"http:\/\/www.portalmantena.com.br\/novo\/wp-content\/uploads\/2017\/07\/no110717livro4.jpg\" alt=\"\" width=\"700\" height=\"450\" srcset=\"http:\/\/www.portalmantena.com.br\/novo\/wp-content\/uploads\/2017\/07\/no110717livro4.jpg 700w, http:\/\/www.portalmantena.com.br\/novo\/wp-content\/uploads\/2017\/07\/no110717livro4-300x193.jpg 300w, http:\/\/www.portalmantena.com.br\/novo\/wp-content\/uploads\/2017\/07\/no110717livro4-696x447.jpg 696w, http:\/\/www.portalmantena.com.br\/novo\/wp-content\/uploads\/2017\/07\/no110717livro4-653x420.jpg 653w\" sizes=\"(max-width: 700px) 100vw, 700px\" \/><\/a> <a href=\"http:\/\/www.portalmantena.com.br\/novo\/wp-content\/uploads\/2017\/07\/no110717livro5.jpg\"><img loading=\"lazy\" class=\"alignnone size-full wp-image-11047\" src=\"http:\/\/www.portalmantena.com.br\/novo\/wp-content\/uploads\/2017\/07\/no110717livro5.jpg\" alt=\"\" width=\"700\" height=\"450\" srcset=\"http:\/\/www.portalmantena.com.br\/novo\/wp-content\/uploads\/2017\/07\/no110717livro5.jpg 700w, http:\/\/www.portalmantena.com.br\/novo\/wp-content\/uploads\/2017\/07\/no110717livro5-300x193.jpg 300w, http:\/\/www.portalmantena.com.br\/novo\/wp-content\/uploads\/2017\/07\/no110717livro5-696x447.jpg 696w, http:\/\/www.portalmantena.com.br\/novo\/wp-content\/uploads\/2017\/07\/no110717livro5-653x420.jpg 653w\" sizes=\"(max-width: 700px) 100vw, 700px\" \/><\/a> <a href=\"http:\/\/www.portalmantena.com.br\/novo\/wp-content\/uploads\/2017\/07\/no110717livro6.jpg\"><img loading=\"lazy\" class=\"alignnone size-full wp-image-11048\" src=\"http:\/\/www.portalmantena.com.br\/novo\/wp-content\/uploads\/2017\/07\/no110717livro6.jpg\" alt=\"\" width=\"700\" height=\"450\" srcset=\"http:\/\/www.portalmantena.com.br\/novo\/wp-content\/uploads\/2017\/07\/no110717livro6.jpg 700w, http:\/\/www.portalmantena.com.br\/novo\/wp-content\/uploads\/2017\/07\/no110717livro6-300x193.jpg 300w, http:\/\/www.portalmantena.com.br\/novo\/wp-content\/uploads\/2017\/07\/no110717livro6-696x447.jpg 696w, http:\/\/www.portalmantena.com.br\/novo\/wp-content\/uploads\/2017\/07\/no110717livro6-653x420.jpg 653w\" sizes=\"(max-width: 700px) 100vw, 700px\" \/><\/a> <a href=\"http:\/\/www.portalmantena.com.br\/novo\/wp-content\/uploads\/2017\/07\/no110717livro7.jpg\"><img loading=\"lazy\" class=\"alignnone size-full wp-image-11049\" src=\"http:\/\/www.portalmantena.com.br\/novo\/wp-content\/uploads\/2017\/07\/no110717livro7.jpg\" alt=\"\" width=\"700\" height=\"450\" srcset=\"http:\/\/www.portalmantena.com.br\/novo\/wp-content\/uploads\/2017\/07\/no110717livro7.jpg 700w, http:\/\/www.portalmantena.com.br\/novo\/wp-content\/uploads\/2017\/07\/no110717livro7-300x193.jpg 300w, http:\/\/www.portalmantena.com.br\/novo\/wp-content\/uploads\/2017\/07\/no110717livro7-696x447.jpg 696w, http:\/\/www.portalmantena.com.br\/novo\/wp-content\/uploads\/2017\/07\/no110717livro7-653x420.jpg 653w\" sizes=\"(max-width: 700px) 100vw, 700px\" \/><\/a><\/p>\n","protected":false},"excerpt":{"rendered":"<p>Dentre as transforma\u00e7\u00f5es pelas quais o munic\u00edpio de Mantena vem passando no in\u00edcio da atual administra\u00e7\u00e3o municipal, a tecnologia empregada em favor da educa\u00e7\u00e3o, tem sido um dos focos. Na tarde desta segunda-feira dia 10 de julho, mais uma importante a\u00e7\u00e3o de inclus\u00e3o digital foi realizada pela Prefeitura Municipal de Mantena e Secretaria Municipal de [&hellip;]<\/p>\n","protected":false},"author":1,"featured_media":11045,"comment_status":"open","ping_status":"open","sticky":false,"template":"","format":"standard","meta":[],"categories":[36,12],"tags":[],"_links":{"self":[{"href":"http:\/\/www.portalmantena.com.br\/novo\/index.php?rest_route=\/wp\/v2\/posts\/11042"}],"collection":[{"href":"http:\/\/www.portalmantena.com.br\/novo\/index.php?rest_route=\/wp\/v2\/posts"}],"about":[{"href":"http:\/\/www.portalmantena.com.br\/novo\/index.php?rest_route=\/wp\/v2\/types\/post"}],"author":[{"embeddable":true,"href":"http:\/\/www.portalmantena.com.br\/novo\/index.php?rest_route=\/wp\/v2\/users\/1"}],"replies":[{"embeddable":true,"href":"http:\/\/www.portalmantena.com.br\/novo\/index.php?rest_route=%2Fwp%2Fv2%2Fcomments&post=11042"}],"version-history":[{"count":1,"href":"http:\/\/www.portalmantena.com.br\/novo\/index.php?rest_route=\/wp\/v2\/posts\/11042\/revisions"}],"predecessor-version":[{"id":11050,"href":"http:\/\/www.portalmantena.com.br\/novo\/index.php?rest_route=\/wp\/v2\/posts\/11042\/revisions\/11050"}],"wp:featuredmedia":[{"embeddable":true,"href":"http:\/\/www.portalmantena.com.br\/novo\/index.php?rest_route=\/wp\/v2\/media\/11045"}],"wp:attachment":[{"href":"http:\/\/www.portalmantena.com.br\/novo\/index.php?rest_route=%2Fwp%2Fv2%2Fmedia&parent=11042"}],"wp:term":[{"taxonomy":"category","embeddable":true,"href":"http:\/\/www.portalmantena.com.br\/novo\/index.php?rest_route=%2Fwp%2Fv2%2Fcategories&post=11042"},{"taxonomy":"post_tag","embeddable":true,"href":"http:\/\/www.portalmantena.com.br\/novo\/index.php?rest_route=%2Fwp%2Fv2%2Ftags&post=11042"}],"curies":[{"name":"wp","href":"https:\/\/api.w.org\/{rel}","templated":true}]}}